{"id":1654,"date":"2022-03-23T02:11:26","date_gmt":"2022-03-23T02:11:26","guid":{"rendered":"https:\/\/www.imdhd.org\/dignificando-la-memoria\/?p=1654"},"modified":"2022-04-08T18:54:16","modified_gmt":"2022-04-08T18:54:16","slug":"karina-yazmin-alducin-rodriguez","status":"publish","type":"post","link":"https:\/\/www.imdhd.org\/dignificando-la-memoria\/memorias\/karina-yazmin-alducin-rodriguez\/","title":{"rendered":"Karina Yazm\u00edn Alducin Rodr\u00edguez"},"content":{"rendered":"\n<figure class=\"wp-block-embed alignfull is-type-video is-provider-youtube wp-block-embed-youtube wp-embed-aspect-16-9 wp-has-aspect-ratio\"><div class=\"wp-block-embed__wrapper\">\n<iframe loading=\"lazy\" title=\"301.  Marisela - Karina\" width=\"500\" height=\"281\" src=\"https:\/\/www.youtube.com\/embed\/gz8-D8ZgaXs?feature=oembed\" frameborder=\"0\" allow=\"accelerometer; autoplay; clipboard-write; encrypted-media; gyroscope; picture-in-picture; web-share\" referrerpolicy=\"strict-origin-when-cross-origin\" allowfullscreen><\/iframe>\n<\/div><\/figure>\n\n\n\n<blockquote class=\"wp-block-quote is-layout-flow wp-block-quote-is-layout-flow\"><p>Siempre fue una hija noble, demasiado noble. Nunca andaba enojada. Nunca andaba de malas. Aunque le dieran una mala cara ella al otro d\u00eda hablaba igual. Tiene el car\u00e1cter m\u00edo de no ser rencorosa (&#8230;) Le gustaba mucho bailar, nos gustaba ir a bailar a las dos, escuchar m\u00fasica y estar conmigo.<\/p><cite>Madre de Marisela<\/cite><\/blockquote>\n\n\n\n<figure class=\"wp-block-image size-full\"><img loading=\"lazy\" decoding=\"async\" width=\"720\" height=\"344\" src=\"http:\/\/www.imdhd.org\/dignificando-la-memoria\/wp-content\/uploads\/2022\/03\/karina-2.jpg\" alt=\"\" class=\"wp-image-2307\" srcset=\"https:\/\/www.imdhd.org\/dignificando-la-memoria\/wp-content\/uploads\/2022\/03\/karina-2.jpg 720w, https:\/\/www.imdhd.org\/dignificando-la-memoria\/wp-content\/uploads\/2022\/03\/karina-2-300x143.jpg 300w\" sizes=\"auto, (max-width: 720px) 100vw, 720px\" \/><\/figure>\n\n\n\n<blockquote class=\"wp-block-quote is-layout-flow wp-block-quote-is-layout-flow\"><p>Nunca hab\u00eda tenido problema con las autoridades y yo me apoy\u00e9 en ellas. Yo cre\u00eda en las autoridades. Cuando muchos te aconsejan has esto has lo otro, yo dije hay autoridades. Siempre les he dicho: porque creemos en ustedes si ustedes son los principales traidores. Mejor d\u00edgannos desde un principio se\u00f1ora no la vamos a buscar, b\u00fasquela como pueda. Ahora s\u00ed como el viejo oeste buscarlas como pueda porque autoridades no tenemos.<\/p><\/blockquote>\n","protected":false},"excerpt":{"rendered":"<p>Siempre fue una hija noble, demasiado noble. Nunca andaba enojada. Nunca andaba de malas. Aunque le dieran una mala cara ella al otro d\u00eda hablaba igual. Tiene el car\u00e1cter m\u00edo de no ser rencorosa (&#8230;) Le gustaba mucho bailar, nos gustaba ir a bailar a las dos, escuchar m\u00fasica y estar conmigo. Madre de Marisela [&hellip;]<\/p>\n","protected":false},"author":1,"featured_media":2307,"comment_status":"closed","ping_status":"closed","sticky":false,"template":"","format":"standard","meta":{"_coblocks_attr":"","_coblocks_dimensions":"","_coblocks_responsive_height":"","_coblocks_accordion_ie_support":"","ub_ctt_via":"","footnotes":""},"categories":[3,5],"tags":[],"class_list":["post-1654","post","type-post","status-publish","format-standard","has-post-thumbnail","hentry","category-memorias","category-memorias-puebla"],"acf":[],"featured_image_src":"https:\/\/www.imdhd.org\/dignificando-la-memoria\/wp-content\/uploads\/2022\/03\/karina-2.jpg","author_info":{"display_name":"admin","author_link":"https:\/\/www.imdhd.org\/dignificando-la-memoria\/author\/admin\/"},"yoast_head":"<!-- This site is optimized with the Yoast SEO plugin v21.8 - https:\/\/yoast.com\/wordpress\/plugins\/seo\/ -->\n<title>Karina Yazm\u00edn Alducin Rodr\u00edguez - Dignificando la Memoria<\/title>\n<meta name=\"robots\" content=\"index, follow, max-snippet:-1, max-image-preview:large, max-video-preview:-1\" \/>\n<link rel=\"canonical\" href=\"https:\/\/www.imdhd.org\/dignificando-la-memoria\/memorias\/karina-yazmin-alducin-rodriguez\/\" \/>\n<meta property=\"og:locale\" content=\"es_ES\" \/>\n<meta property=\"og:type\" content=\"article\" \/>\n<meta property=\"og:title\" content=\"Karina Yazm\u00edn Alducin Rodr\u00edguez - Dignificando la Memoria\" \/>\n<meta property=\"og:description\" content=\"Siempre fue una hija noble, demasiado noble. Nunca andaba enojada. Nunca andaba de malas. Aunque le dieran una mala cara ella al otro d\u00eda hablaba igual. Tiene el car\u00e1cter m\u00edo de no ser rencorosa (&#8230;) Le gustaba mucho bailar, nos gustaba ir a bailar a las dos, escuchar m\u00fasica y estar conmigo. Madre de Marisela [&hellip;]\" \/>\n<meta property=\"og:url\" content=\"https:\/\/www.imdhd.org\/dignificando-la-memoria\/memorias\/karina-yazmin-alducin-rodriguez\/\" \/>\n<meta property=\"og:site_name\" content=\"Dignificando la Memoria\" \/>\n<meta property=\"article:published_time\" content=\"2022-03-23T02:11:26+00:00\" \/>\n<meta property=\"article:modified_time\" content=\"2022-04-08T18:54:16+00:00\" \/>\n<meta property=\"og:image\" content=\"https:\/\/www.imdhd.org\/dignificando-la-memoria\/wp-content\/uploads\/2022\/03\/karina-2.jpg\" \/>\n\t<meta property=\"og:image:width\" content=\"720\" \/>\n\t<meta property=\"og:image:height\" content=\"344\" \/>\n\t<meta property=\"og:image:type\" content=\"image\/jpeg\" \/>\n<meta name=\"author\" content=\"admin\" \/>\n<meta name=\"twitter:card\" content=\"summary_large_image\" \/>\n<meta name=\"twitter:label1\" content=\"Escrito por\" \/>\n\t<meta name=\"twitter:data1\" content=\"admin\" \/>\n\t<meta name=\"twitter:label2\" content=\"Tiempo de lectura\" \/>\n\t<meta name=\"twitter:data2\" content=\"1 minuto\" \/>\n<script type=\"application\/ld+json\" class=\"yoast-schema-graph\">{\"@context\":\"https:\/\/schema.org\",\"@graph\":[{\"@type\":\"Article\",\"@id\":\"https:\/\/www.imdhd.org\/dignificando-la-memoria\/memorias\/karina-yazmin-alducin-rodriguez\/#article\",\"isPartOf\":{\"@id\":\"https:\/\/www.imdhd.org\/dignificando-la-memoria\/memorias\/karina-yazmin-alducin-rodriguez\/\"},\"author\":{\"name\":\"admin\",\"@id\":\"http:\/\/www.imdhd.org\/dignificando-la-memoria\/#\/schema\/person\/fc1a5e3d6a3e4277042ef4db3a951d0b\"},\"headline\":\"Karina Yazm\u00edn Alducin Rodr\u00edguez\",\"datePublished\":\"2022-03-23T02:11:26+00:00\",\"dateModified\":\"2022-04-08T18:54:16+00:00\",\"mainEntityOfPage\":{\"@id\":\"https:\/\/www.imdhd.org\/dignificando-la-memoria\/memorias\/karina-yazmin-alducin-rodriguez\/\"},\"wordCount\":147,\"publisher\":{\"@id\":\"http:\/\/www.imdhd.org\/dignificando-la-memoria\/#organization\"},\"articleSection\":[\"Memorias\",\"Memorias Puebla\"],\"inLanguage\":\"es\"},{\"@type\":\"WebPage\",\"@id\":\"https:\/\/www.imdhd.org\/dignificando-la-memoria\/memorias\/karina-yazmin-alducin-rodriguez\/\",\"url\":\"https:\/\/www.imdhd.org\/dignificando-la-memoria\/memorias\/karina-yazmin-alducin-rodriguez\/\",\"name\":\"Karina Yazm\u00edn Alducin Rodr\u00edguez - Dignificando la Memoria\",\"isPartOf\":{\"@id\":\"http:\/\/www.imdhd.org\/dignificando-la-memoria\/#website\"},\"datePublished\":\"2022-03-23T02:11:26+00:00\",\"dateModified\":\"2022-04-08T18:54:16+00:00\",\"breadcrumb\":{\"@id\":\"https:\/\/www.imdhd.org\/dignificando-la-memoria\/memorias\/karina-yazmin-alducin-rodriguez\/#breadcrumb\"},\"inLanguage\":\"es\",\"potentialAction\":[{\"@type\":\"ReadAction\",\"target\":[\"https:\/\/www.imdhd.org\/dignificando-la-memoria\/memorias\/karina-yazmin-alducin-rodriguez\/\"]}]},{\"@type\":\"BreadcrumbList\",\"@id\":\"https:\/\/www.imdhd.org\/dignificando-la-memoria\/memorias\/karina-yazmin-alducin-rodriguez\/#breadcrumb\",\"itemListElement\":[{\"@type\":\"ListItem\",\"position\":1,\"name\":\"Portada\",\"item\":\"http:\/\/www.imdhd.org\/dignificando-la-memoria\/\"},{\"@type\":\"ListItem\",\"position\":2,\"name\":\"Karina Yazm\u00edn Alducin Rodr\u00edguez\"}]},{\"@type\":\"WebSite\",\"@id\":\"http:\/\/www.imdhd.org\/dignificando-la-memoria\/#website\",\"url\":\"http:\/\/www.imdhd.org\/dignificando-la-memoria\/\",\"name\":\"Dignificando la Memoria\",\"description\":\"Un proyecto que rescata y dignifica la memoria de las personas desaparecidas en M&eacute;xico\",\"publisher\":{\"@id\":\"http:\/\/www.imdhd.org\/dignificando-la-memoria\/#organization\"},\"potentialAction\":[{\"@type\":\"SearchAction\",\"target\":{\"@type\":\"EntryPoint\",\"urlTemplate\":\"http:\/\/www.imdhd.org\/dignificando-la-memoria\/?s={search_term_string}\"},\"query-input\":\"required name=search_term_string\"}],\"inLanguage\":\"es\"},{\"@type\":\"Organization\",\"@id\":\"http:\/\/www.imdhd.org\/dignificando-la-memoria\/#organization\",\"name\":\"Dignificando la Memoria\",\"url\":\"http:\/\/www.imdhd.org\/dignificando-la-memoria\/\",\"logo\":{\"@type\":\"ImageObject\",\"inLanguage\":\"es\",\"@id\":\"http:\/\/www.imdhd.org\/dignificando-la-memoria\/#\/schema\/logo\/image\/\",\"url\":\"https:\/\/www.imdhd.org\/dignificando-la-memoria\/wp-content\/uploads\/2021\/07\/id-dignificando-1.svg\",\"contentUrl\":\"https:\/\/www.imdhd.org\/dignificando-la-memoria\/wp-content\/uploads\/2021\/07\/id-dignificando-1.svg\",\"caption\":\"Dignificando la Memoria\"},\"image\":{\"@id\":\"http:\/\/www.imdhd.org\/dignificando-la-memoria\/#\/schema\/logo\/image\/\"}},{\"@type\":\"Person\",\"@id\":\"http:\/\/www.imdhd.org\/dignificando-la-memoria\/#\/schema\/person\/fc1a5e3d6a3e4277042ef4db3a951d0b\",\"name\":\"admin\",\"image\":{\"@type\":\"ImageObject\",\"inLanguage\":\"es\",\"@id\":\"http:\/\/www.imdhd.org\/dignificando-la-memoria\/#\/schema\/person\/image\/\",\"url\":\"https:\/\/secure.gravatar.com\/avatar\/12fe34de4959513a90310b36a309d41a2f2e8c9dec80cb6efa358434d27149fb?s=96&d=mm&r=g\",\"contentUrl\":\"https:\/\/secure.gravatar.com\/avatar\/12fe34de4959513a90310b36a309d41a2f2e8c9dec80cb6efa358434d27149fb?s=96&d=mm&r=g\",\"caption\":\"admin\"},\"sameAs\":[\"https:\/\/www.imdhd.org\/dignificando-la-memoria\"],\"url\":\"https:\/\/www.imdhd.org\/dignificando-la-memoria\/author\/admin\/\"}]}<\/script>\n<!-- \/ Yoast SEO plugin. -->","yoast_head_json":{"title":"Karina Yazm\u00edn Alducin Rodr\u00edguez - Dignificando la Memoria","robots":{"index":"index","follow":"follow","max-snippet":"max-snippet:-1","max-image-preview":"max-image-preview:large","max-video-preview":"max-video-preview:-1"},"canonical":"https:\/\/www.imdhd.org\/dignificando-la-memoria\/memorias\/karina-yazmin-alducin-rodriguez\/","og_locale":"es_ES","og_type":"article","og_title":"Karina Yazm\u00edn Alducin Rodr\u00edguez - Dignificando la Memoria","og_description":"Siempre fue una hija noble, demasiado noble. Nunca andaba enojada. Nunca andaba de malas. Aunque le dieran una mala cara ella al otro d\u00eda hablaba igual. Tiene el car\u00e1cter m\u00edo de no ser rencorosa (&#8230;) Le gustaba mucho bailar, nos gustaba ir a bailar a las dos, escuchar m\u00fasica y estar conmigo. Madre de Marisela [&hellip;]","og_url":"https:\/\/www.imdhd.org\/dignificando-la-memoria\/memorias\/karina-yazmin-alducin-rodriguez\/","og_site_name":"Dignificando la Memoria","article_published_time":"2022-03-23T02:11:26+00:00","article_modified_time":"2022-04-08T18:54:16+00:00","og_image":[{"width":720,"height":344,"url":"https:\/\/www.imdhd.org\/dignificando-la-memoria\/wp-content\/uploads\/2022\/03\/karina-2.jpg","type":"image\/jpeg"}],"author":"admin","twitter_card":"summary_large_image","twitter_misc":{"Escrito por":"admin","Tiempo de lectura":"1 minuto"},"schema":{"@context":"https:\/\/schema.org","@graph":[{"@type":"Article","@id":"https:\/\/www.imdhd.org\/dignificando-la-memoria\/memorias\/karina-yazmin-alducin-rodriguez\/#article","isPartOf":{"@id":"https:\/\/www.imdhd.org\/dignificando-la-memoria\/memorias\/karina-yazmin-alducin-rodriguez\/"},"author":{"name":"admin","@id":"http:\/\/www.imdhd.org\/dignificando-la-memoria\/#\/schema\/person\/fc1a5e3d6a3e4277042ef4db3a951d0b"},"headline":"Karina Yazm\u00edn Alducin Rodr\u00edguez","datePublished":"2022-03-23T02:11:26+00:00","dateModified":"2022-04-08T18:54:16+00:00","mainEntityOfPage":{"@id":"https:\/\/www.imdhd.org\/dignificando-la-memoria\/memorias\/karina-yazmin-alducin-rodriguez\/"},"wordCount":147,"publisher":{"@id":"http:\/\/www.imdhd.org\/dignificando-la-memoria\/#organization"},"articleSection":["Memorias","Memorias Puebla"],"inLanguage":"es"},{"@type":"WebPage","@id":"https:\/\/www.imdhd.org\/dignificando-la-memoria\/memorias\/karina-yazmin-alducin-rodriguez\/","url":"https:\/\/www.imdhd.org\/dignificando-la-memoria\/memorias\/karina-yazmin-alducin-rodriguez\/","name":"Karina Yazm\u00edn Alducin Rodr\u00edguez - Dignificando la Memoria","isPartOf":{"@id":"http:\/\/www.imdhd.org\/dignificando-la-memoria\/#website"},"datePublished":"2022-03-23T02:11:26+00:00","dateModified":"2022-04-08T18:54:16+00:00","breadcrumb":{"@id":"https:\/\/www.imdhd.org\/dignificando-la-memoria\/memorias\/karina-yazmin-alducin-rodriguez\/#breadcrumb"},"inLanguage":"es","potentialAction":[{"@type":"ReadAction","target":["https:\/\/www.imdhd.org\/dignificando-la-memoria\/memorias\/karina-yazmin-alducin-rodriguez\/"]}]},{"@type":"BreadcrumbList","@id":"https:\/\/www.imdhd.org\/dignificando-la-memoria\/memorias\/karina-yazmin-alducin-rodriguez\/#breadcrumb","itemListElement":[{"@type":"ListItem","position":1,"name":"Portada","item":"http:\/\/www.imdhd.org\/dignificando-la-memoria\/"},{"@type":"ListItem","position":2,"name":"Karina Yazm\u00edn Alducin Rodr\u00edguez"}]},{"@type":"WebSite","@id":"http:\/\/www.imdhd.org\/dignificando-la-memoria\/#website","url":"http:\/\/www.imdhd.org\/dignificando-la-memoria\/","name":"Dignificando la Memoria","description":"Un proyecto que rescata y dignifica la memoria de las personas desaparecidas en M&eacute;xico","publisher":{"@id":"http:\/\/www.imdhd.org\/dignificando-la-memoria\/#organization"},"potentialAction":[{"@type":"SearchAction","target":{"@type":"EntryPoint","urlTemplate":"http:\/\/www.imdhd.org\/dignificando-la-memoria\/?s={search_term_string}"},"query-input":"required name=search_term_string"}],"inLanguage":"es"},{"@type":"Organization","@id":"http:\/\/www.imdhd.org\/dignificando-la-memoria\/#organization","name":"Dignificando la Memoria","url":"http:\/\/www.imdhd.org\/dignificando-la-memoria\/","logo":{"@type":"ImageObject","inLanguage":"es","@id":"http:\/\/www.imdhd.org\/dignificando-la-memoria\/#\/schema\/logo\/image\/","url":"https:\/\/www.imdhd.org\/dignificando-la-memoria\/wp-content\/uploads\/2021\/07\/id-dignificando-1.svg","contentUrl":"https:\/\/www.imdhd.org\/dignificando-la-memoria\/wp-content\/uploads\/2021\/07\/id-dignificando-1.svg","caption":"Dignificando la Memoria"},"image":{"@id":"http:\/\/www.imdhd.org\/dignificando-la-memoria\/#\/schema\/logo\/image\/"}},{"@type":"Person","@id":"http:\/\/www.imdhd.org\/dignificando-la-memoria\/#\/schema\/person\/fc1a5e3d6a3e4277042ef4db3a951d0b","name":"admin","image":{"@type":"ImageObject","inLanguage":"es","@id":"http:\/\/www.imdhd.org\/dignificando-la-memoria\/#\/schema\/person\/image\/","url":"https:\/\/secure.gravatar.com\/avatar\/12fe34de4959513a90310b36a309d41a2f2e8c9dec80cb6efa358434d27149fb?s=96&d=mm&r=g","contentUrl":"https:\/\/secure.gravatar.com\/avatar\/12fe34de4959513a90310b36a309d41a2f2e8c9dec80cb6efa358434d27149fb?s=96&d=mm&r=g","caption":"admin"},"sameAs":["https:\/\/www.imdhd.org\/dignificando-la-memoria"],"url":"https:\/\/www.imdhd.org\/dignificando-la-memoria\/author\/admin\/"}]}},"_links":{"self":[{"href":"https:\/\/www.imdhd.org\/dignificando-la-memoria\/wp-json\/wp\/v2\/posts\/1654","targetHints":{"allow":["GET"]}}],"collection":[{"href":"https:\/\/www.imdhd.org\/dignificando-la-memoria\/wp-json\/wp\/v2\/posts"}],"about":[{"href":"https:\/\/www.imdhd.org\/dignificando-la-memoria\/wp-json\/wp\/v2\/types\/post"}],"author":[{"embeddable":true,"href":"https:\/\/www.imdhd.org\/dignificando-la-memoria\/wp-json\/wp\/v2\/users\/1"}],"replies":[{"embeddable":true,"href":"https:\/\/www.imdhd.org\/dignificando-la-memoria\/wp-json\/wp\/v2\/comments?post=1654"}],"version-history":[{"count":21,"href":"https:\/\/www.imdhd.org\/dignificando-la-memoria\/wp-json\/wp\/v2\/posts\/1654\/revisions"}],"predecessor-version":[{"id":2324,"href":"https:\/\/www.imdhd.org\/dignificando-la-memoria\/wp-json\/wp\/v2\/posts\/1654\/revisions\/2324"}],"wp:featuredmedia":[{"embeddable":true,"href":"https:\/\/www.imdhd.org\/dignificando-la-memoria\/wp-json\/wp\/v2\/media\/2307"}],"wp:attachment":[{"href":"https:\/\/www.imdhd.org\/dignificando-la-memoria\/wp-json\/wp\/v2\/media?parent=1654"}],"wp:term":[{"taxonomy":"category","embeddable":true,"href":"https:\/\/www.imdhd.org\/dignificando-la-memoria\/wp-json\/wp\/v2\/categories?post=1654"},{"taxonomy":"post_tag","embeddable":true,"href":"https:\/\/www.imdhd.org\/dignificando-la-memoria\/wp-json\/wp\/v2\/tags?post=1654"}],"curies":[{"name":"wp","href":"https:\/\/api.w.org\/{rel}","templated":true}]}}