{"id":1733,"date":"2022-03-29T17:54:27","date_gmt":"2022-03-29T17:54:27","guid":{"rendered":"https:\/\/www.imdhd.org\/dignificando-la-memoria\/?p=1733"},"modified":"2022-05-02T18:42:05","modified_gmt":"2022-05-02T18:42:05","slug":"jose-maria-sedano-posadas","status":"publish","type":"post","link":"https:\/\/www.imdhd.org\/dignificando-la-memoria\/memorias\/jose-maria-sedano-posadas\/","title":{"rendered":"Jose Mar\u00eda Sedano Posadas"},"content":{"rendered":"\n<figure class=\"wp-block-audio\"><audio controls src=\"https:\/\/www.imdhd.org\/dignificando-la-memoria\/wp-content\/uploads\/2022\/05\/audio-nuevo-susana.mp3\"><\/audio><\/figure>\n\n\n\n<blockquote class=\"wp-block-quote is-layout-flow wp-block-quote-is-layout-flow\"><p>Jos\u00e9 Mar\u00eda es de car\u00e1cter reservado, t\u00edmido. A \u00e9l le gustaba jugar futbol, jugar videojuegos; a pesar de que ya ten\u00eda sus hijos (\u2026) No se si el pensaba salir a buscar trabajo, pero ya no regres\u00f3 no sabemos si vive o no, si perdi\u00f3 la memoria o qu\u00e9 pas\u00f3 porque ya no regres\u00f3. Ha sido dif\u00edcil para la familia y para mi mam\u00e1.<\/p><\/blockquote>\n\n\n\n<figure class=\"wp-block-gallery alignwide has-nested-images columns-4 is-cropped wp-block-gallery-1 is-layout-flex wp-block-gallery-is-layout-flex\">\n<figure class=\"wp-block-image size-large\"><a href=\"https:\/\/www.imdhd.org\/dignificando-la-memoria\/wp-content\/uploads\/2022\/03\/jose-maria-1.jpeg\"><img loading=\"lazy\" decoding=\"async\" width=\"1200\" height=\"1600\" data-id=\"2325\" src=\"http:\/\/www.imdhd.org\/dignificando-la-memoria\/wp-content\/uploads\/2022\/03\/jose-maria-1.jpeg\" alt=\"\" class=\"wp-image-2325\" srcset=\"https:\/\/www.imdhd.org\/dignificando-la-memoria\/wp-content\/uploads\/2022\/03\/jose-maria-1.jpeg 1200w, https:\/\/www.imdhd.org\/dignificando-la-memoria\/wp-content\/uploads\/2022\/03\/jose-maria-1-225x300.jpeg 225w, https:\/\/www.imdhd.org\/dignificando-la-memoria\/wp-content\/uploads\/2022\/03\/jose-maria-1-768x1024.jpeg 768w, https:\/\/www.imdhd.org\/dignificando-la-memoria\/wp-content\/uploads\/2022\/03\/jose-maria-1-1152x1536.jpeg 1152w\" sizes=\"auto, (max-width: 1200px) 100vw, 1200px\" \/><\/a><\/figure>\n\n\n\n<figure class=\"wp-block-image size-large\"><a href=\"https:\/\/www.imdhd.org\/dignificando-la-memoria\/wp-content\/uploads\/2022\/03\/jose-maria-4-1.jpeg\"><img loading=\"lazy\" decoding=\"async\" width=\"1200\" height=\"1600\" data-id=\"2405\" src=\"http:\/\/www.imdhd.org\/dignificando-la-memoria\/wp-content\/uploads\/2022\/03\/jose-maria-4-1.jpeg\" alt=\"\" class=\"wp-image-2405\" srcset=\"https:\/\/www.imdhd.org\/dignificando-la-memoria\/wp-content\/uploads\/2022\/03\/jose-maria-4-1.jpeg 1200w, https:\/\/www.imdhd.org\/dignificando-la-memoria\/wp-content\/uploads\/2022\/03\/jose-maria-4-1-225x300.jpeg 225w, https:\/\/www.imdhd.org\/dignificando-la-memoria\/wp-content\/uploads\/2022\/03\/jose-maria-4-1-768x1024.jpeg 768w, https:\/\/www.imdhd.org\/dignificando-la-memoria\/wp-content\/uploads\/2022\/03\/jose-maria-4-1-1152x1536.jpeg 1152w\" sizes=\"auto, (max-width: 1200px) 100vw, 1200px\" \/><\/a><\/figure>\n\n\n\n<figure class=\"wp-block-image size-large\"><a href=\"https:\/\/www.imdhd.org\/dignificando-la-memoria\/wp-content\/uploads\/2022\/03\/jose-maria-3.jpeg\"><img loading=\"lazy\" decoding=\"async\" width=\"1200\" height=\"1600\" data-id=\"2327\" src=\"http:\/\/www.imdhd.org\/dignificando-la-memoria\/wp-content\/uploads\/2022\/03\/jose-maria-3.jpeg\" alt=\"\" class=\"wp-image-2327\" srcset=\"https:\/\/www.imdhd.org\/dignificando-la-memoria\/wp-content\/uploads\/2022\/03\/jose-maria-3.jpeg 1200w, https:\/\/www.imdhd.org\/dignificando-la-memoria\/wp-content\/uploads\/2022\/03\/jose-maria-3-225x300.jpeg 225w, https:\/\/www.imdhd.org\/dignificando-la-memoria\/wp-content\/uploads\/2022\/03\/jose-maria-3-768x1024.jpeg 768w, https:\/\/www.imdhd.org\/dignificando-la-memoria\/wp-content\/uploads\/2022\/03\/jose-maria-3-1152x1536.jpeg 1152w\" sizes=\"auto, (max-width: 1200px) 100vw, 1200px\" \/><\/a><\/figure>\n\n\n\n<figure class=\"wp-block-image size-large\"><a href=\"https:\/\/www.imdhd.org\/dignificando-la-memoria\/wp-content\/uploads\/2022\/03\/jose-maria-4.jpeg\"><img loading=\"lazy\" decoding=\"async\" width=\"899\" height=\"1599\" data-id=\"2328\" src=\"http:\/\/www.imdhd.org\/dignificando-la-memoria\/wp-content\/uploads\/2022\/03\/jose-maria-4.jpeg\" alt=\"\" class=\"wp-image-2328\" srcset=\"https:\/\/www.imdhd.org\/dignificando-la-memoria\/wp-content\/uploads\/2022\/03\/jose-maria-4.jpeg 899w, https:\/\/www.imdhd.org\/dignificando-la-memoria\/wp-content\/uploads\/2022\/03\/jose-maria-4-169x300.jpeg 169w, https:\/\/www.imdhd.org\/dignificando-la-memoria\/wp-content\/uploads\/2022\/03\/jose-maria-4-576x1024.jpeg 576w, https:\/\/www.imdhd.org\/dignificando-la-memoria\/wp-content\/uploads\/2022\/03\/jose-maria-4-768x1366.jpeg 768w, https:\/\/www.imdhd.org\/dignificando-la-memoria\/wp-content\/uploads\/2022\/03\/jose-maria-4-864x1536.jpeg 864w\" sizes=\"auto, (max-width: 899px) 100vw, 899px\" \/><\/a><\/figure>\n\n\n\n<figure class=\"wp-block-image size-large\"><a href=\"https:\/\/www.imdhd.org\/dignificando-la-memoria\/wp-content\/uploads\/2022\/03\/jose-maria-5.jpeg\"><img loading=\"lazy\" decoding=\"async\" width=\"1600\" height=\"1200\" data-id=\"2406\" src=\"http:\/\/www.imdhd.org\/dignificando-la-memoria\/wp-content\/uploads\/2022\/03\/jose-maria-5.jpeg\" alt=\"\" class=\"wp-image-2406\" srcset=\"https:\/\/www.imdhd.org\/dignificando-la-memoria\/wp-content\/uploads\/2022\/03\/jose-maria-5.jpeg 1600w, https:\/\/www.imdhd.org\/dignificando-la-memoria\/wp-content\/uploads\/2022\/03\/jose-maria-5-300x225.jpeg 300w, https:\/\/www.imdhd.org\/dignificando-la-memoria\/wp-content\/uploads\/2022\/03\/jose-maria-5-1024x768.jpeg 1024w, https:\/\/www.imdhd.org\/dignificando-la-memoria\/wp-content\/uploads\/2022\/03\/jose-maria-5-768x576.jpeg 768w, https:\/\/www.imdhd.org\/dignificando-la-memoria\/wp-content\/uploads\/2022\/03\/jose-maria-5-1536x1152.jpeg 1536w, https:\/\/www.imdhd.org\/dignificando-la-memoria\/wp-content\/uploads\/2022\/03\/jose-maria-5-1568x1176.jpeg 1568w\" sizes=\"auto, (max-width: 1600px) 100vw, 1600px\" \/><\/a><\/figure>\n\n\n\n<figure class=\"wp-block-image size-large\"><a href=\"https:\/\/www.imdhd.org\/dignificando-la-memoria\/wp-content\/uploads\/2022\/03\/jose-maria-7.jpeg\"><img loading=\"lazy\" decoding=\"async\" width=\"900\" height=\"1400\" data-id=\"2407\" src=\"http:\/\/www.imdhd.org\/dignificando-la-memoria\/wp-content\/uploads\/2022\/03\/jose-maria-7.jpeg\" alt=\"\" class=\"wp-image-2407\" srcset=\"https:\/\/www.imdhd.org\/dignificando-la-memoria\/wp-content\/uploads\/2022\/03\/jose-maria-7.jpeg 900w, https:\/\/www.imdhd.org\/dignificando-la-memoria\/wp-content\/uploads\/2022\/03\/jose-maria-7-193x300.jpeg 193w, https:\/\/www.imdhd.org\/dignificando-la-memoria\/wp-content\/uploads\/2022\/03\/jose-maria-7-658x1024.jpeg 658w, https:\/\/www.imdhd.org\/dignificando-la-memoria\/wp-content\/uploads\/2022\/03\/jose-maria-7-768x1195.jpeg 768w\" sizes=\"auto, (max-width: 900px) 100vw, 900px\" \/><\/a><\/figure>\n\n\n\n<figure class=\"wp-block-image size-large\"><a href=\"https:\/\/www.imdhd.org\/dignificando-la-memoria\/wp-content\/uploads\/2022\/03\/jose-maria-8.jpeg\"><img loading=\"lazy\" decoding=\"async\" width=\"899\" height=\"1599\" data-id=\"2408\" src=\"http:\/\/www.imdhd.org\/dignificando-la-memoria\/wp-content\/uploads\/2022\/03\/jose-maria-8.jpeg\" alt=\"\" class=\"wp-image-2408\" srcset=\"https:\/\/www.imdhd.org\/dignificando-la-memoria\/wp-content\/uploads\/2022\/03\/jose-maria-8.jpeg 899w, https:\/\/www.imdhd.org\/dignificando-la-memoria\/wp-content\/uploads\/2022\/03\/jose-maria-8-169x300.jpeg 169w, https:\/\/www.imdhd.org\/dignificando-la-memoria\/wp-content\/uploads\/2022\/03\/jose-maria-8-576x1024.jpeg 576w, https:\/\/www.imdhd.org\/dignificando-la-memoria\/wp-content\/uploads\/2022\/03\/jose-maria-8-768x1366.jpeg 768w, https:\/\/www.imdhd.org\/dignificando-la-memoria\/wp-content\/uploads\/2022\/03\/jose-maria-8-864x1536.jpeg 864w\" sizes=\"auto, (max-width: 899px) 100vw, 899px\" \/><\/a><\/figure>\n\n\n\n<figure class=\"wp-block-image size-large\"><a href=\"https:\/\/www.imdhd.org\/dignificando-la-memoria\/wp-content\/uploads\/2022\/03\/josemaria-6.jpeg\"><img loading=\"lazy\" decoding=\"async\" width=\"658\" height=\"633\" data-id=\"2409\" src=\"http:\/\/www.imdhd.org\/dignificando-la-memoria\/wp-content\/uploads\/2022\/03\/josemaria-6.jpeg\" alt=\"\" class=\"wp-image-2409\" srcset=\"https:\/\/www.imdhd.org\/dignificando-la-memoria\/wp-content\/uploads\/2022\/03\/josemaria-6.jpeg 658w, https:\/\/www.imdhd.org\/dignificando-la-memoria\/wp-content\/uploads\/2022\/03\/josemaria-6-300x289.jpeg 300w\" sizes=\"auto, (max-width: 658px) 100vw, 658px\" \/><\/a><\/figure>\n<\/figure>\n\n\n\n<blockquote class=\"wp-block-quote is-layout-flow wp-block-quote-is-layout-flow\"><p>Por llevar la denuncia me ha afectado mucho, porque es muy duro ver carpetas de gente sin identificar. Lo queremos encontrar, yo pienso que sus hijas quieren volver a verlo. Crecieron sin \u00e9l y sin esa figura paterna. (&#8230;) Jos\u00e9 Mar\u00eda si nos estas esuchando busca la manera de comunicarte con nosotros. Te queremos mucho.<\/p><\/blockquote>\n","protected":false},"excerpt":{"rendered":"<p>Jos\u00e9 Mar\u00eda es de car\u00e1cter reservado, t\u00edmido. A \u00e9l le gustaba jugar futbol, jugar videojuegos; a pesar de que ya ten\u00eda sus hijos (\u2026) No se si el pensaba salir a buscar trabajo, pero ya no regres\u00f3 no sabemos si vive o no, si perdi\u00f3 la memoria o qu\u00e9 pas\u00f3 porque ya no regres\u00f3. Ha [&hellip;]<\/p>\n","protected":false},"author":1,"featured_media":90,"comment_status":"closed","ping_status":"closed","sticky":false,"template":"","format":"standard","meta":{"_coblocks_attr":"","_coblocks_dimensions":"","_coblocks_responsive_height":"","_coblocks_accordion_ie_support":"","ub_ctt_via":"","footnotes":""},"categories":[3,5],"tags":[],"class_list":["post-1733","post","type-post","status-publish","format-standard","has-post-thumbnail","hentry","category-memorias","category-memorias-puebla"],"acf":[],"featured_image_src":"https:\/\/www.imdhd.org\/dignificando-la-memoria\/wp-content\/uploads\/2021\/07\/banner-testimonios.svg","author_info":{"display_name":"admin","author_link":"https:\/\/www.imdhd.org\/dignificando-la-memoria\/author\/admin\/"},"yoast_head":"<!-- This site is optimized with the Yoast SEO plugin v21.8 - https:\/\/yoast.com\/wordpress\/plugins\/seo\/ -->\n<title>Jose Mar\u00eda Sedano Posadas - Dignificando la Memoria<\/title>\n<meta name=\"robots\" content=\"index, follow, max-snippet:-1, max-image-preview:large, max-video-preview:-1\" \/>\n<link rel=\"canonical\" href=\"https:\/\/www.imdhd.org\/dignificando-la-memoria\/memorias\/jose-maria-sedano-posadas\/\" \/>\n<meta property=\"og:locale\" content=\"es_ES\" \/>\n<meta property=\"og:type\" content=\"article\" \/>\n<meta property=\"og:title\" content=\"Jose Mar\u00eda Sedano Posadas - Dignificando la Memoria\" \/>\n<meta property=\"og:description\" content=\"Jos\u00e9 Mar\u00eda es de car\u00e1cter reservado, t\u00edmido. A \u00e9l le gustaba jugar futbol, jugar videojuegos; a pesar de que ya ten\u00eda sus hijos (\u2026) No se si el pensaba salir a buscar trabajo, pero ya no regres\u00f3 no sabemos si vive o no, si perdi\u00f3 la memoria o qu\u00e9 pas\u00f3 porque ya no regres\u00f3. Ha [&hellip;]\" \/>\n<meta property=\"og:url\" content=\"https:\/\/www.imdhd.org\/dignificando-la-memoria\/memorias\/jose-maria-sedano-posadas\/\" \/>\n<meta property=\"og:site_name\" content=\"Dignificando la Memoria\" \/>\n<meta property=\"article:published_time\" content=\"2022-03-29T17:54:27+00:00\" \/>\n<meta property=\"article:modified_time\" content=\"2022-05-02T18:42:05+00:00\" \/>\n<meta name=\"author\" content=\"admin\" \/>\n<meta name=\"twitter:card\" content=\"summary_large_image\" \/>\n<meta name=\"twitter:image\" content=\"https:\/\/www.imdhd.org\/dignificando-la-memoria\/wp-content\/uploads\/2021\/07\/banner-testimonios.svg\" \/>\n<meta name=\"twitter:label1\" content=\"Escrito por\" \/>\n\t<meta name=\"twitter:data1\" content=\"admin\" \/>\n\t<meta name=\"twitter:label2\" content=\"Tiempo de lectura\" \/>\n\t<meta name=\"twitter:data2\" content=\"1 minuto\" \/>\n<script type=\"application\/ld+json\" class=\"yoast-schema-graph\">{\"@context\":\"https:\/\/schema.org\",\"@graph\":[{\"@type\":\"Article\",\"@id\":\"https:\/\/www.imdhd.org\/dignificando-la-memoria\/memorias\/jose-maria-sedano-posadas\/#article\",\"isPartOf\":{\"@id\":\"https:\/\/www.imdhd.org\/dignificando-la-memoria\/memorias\/jose-maria-sedano-posadas\/\"},\"author\":{\"name\":\"admin\",\"@id\":\"http:\/\/www.imdhd.org\/dignificando-la-memoria\/#\/schema\/person\/fc1a5e3d6a3e4277042ef4db3a951d0b\"},\"headline\":\"Jose Mar\u00eda Sedano Posadas\",\"datePublished\":\"2022-03-29T17:54:27+00:00\",\"dateModified\":\"2022-05-02T18:42:05+00:00\",\"mainEntityOfPage\":{\"@id\":\"https:\/\/www.imdhd.org\/dignificando-la-memoria\/memorias\/jose-maria-sedano-posadas\/\"},\"wordCount\":128,\"publisher\":{\"@id\":\"http:\/\/www.imdhd.org\/dignificando-la-memoria\/#organization\"},\"articleSection\":[\"Memorias\",\"Memorias Puebla\"],\"inLanguage\":\"es\"},{\"@type\":\"WebPage\",\"@id\":\"https:\/\/www.imdhd.org\/dignificando-la-memoria\/memorias\/jose-maria-sedano-posadas\/\",\"url\":\"https:\/\/www.imdhd.org\/dignificando-la-memoria\/memorias\/jose-maria-sedano-posadas\/\",\"name\":\"Jose Mar\u00eda Sedano Posadas - Dignificando la Memoria\",\"isPartOf\":{\"@id\":\"http:\/\/www.imdhd.org\/dignificando-la-memoria\/#website\"},\"datePublished\":\"2022-03-29T17:54:27+00:00\",\"dateModified\":\"2022-05-02T18:42:05+00:00\",\"breadcrumb\":{\"@id\":\"https:\/\/www.imdhd.org\/dignificando-la-memoria\/memorias\/jose-maria-sedano-posadas\/#breadcrumb\"},\"inLanguage\":\"es\",\"potentialAction\":[{\"@type\":\"ReadAction\",\"target\":[\"https:\/\/www.imdhd.org\/dignificando-la-memoria\/memorias\/jose-maria-sedano-posadas\/\"]}]},{\"@type\":\"BreadcrumbList\",\"@id\":\"https:\/\/www.imdhd.org\/dignificando-la-memoria\/memorias\/jose-maria-sedano-posadas\/#breadcrumb\",\"itemListElement\":[{\"@type\":\"ListItem\",\"position\":1,\"name\":\"Portada\",\"item\":\"http:\/\/www.imdhd.org\/dignificando-la-memoria\/\"},{\"@type\":\"ListItem\",\"position\":2,\"name\":\"Jose Mar\u00eda Sedano Posadas\"}]},{\"@type\":\"WebSite\",\"@id\":\"http:\/\/www.imdhd.org\/dignificando-la-memoria\/#website\",\"url\":\"http:\/\/www.imdhd.org\/dignificando-la-memoria\/\",\"name\":\"Dignificando la Memoria\",\"description\":\"Un proyecto que rescata y dignifica la memoria de las personas desaparecidas en M&eacute;xico\",\"publisher\":{\"@id\":\"http:\/\/www.imdhd.org\/dignificando-la-memoria\/#organization\"},\"potentialAction\":[{\"@type\":\"SearchAction\",\"target\":{\"@type\":\"EntryPoint\",\"urlTemplate\":\"http:\/\/www.imdhd.org\/dignificando-la-memoria\/?s={search_term_string}\"},\"query-input\":\"required name=search_term_string\"}],\"inLanguage\":\"es\"},{\"@type\":\"Organization\",\"@id\":\"http:\/\/www.imdhd.org\/dignificando-la-memoria\/#organization\",\"name\":\"Dignificando la Memoria\",\"url\":\"http:\/\/www.imdhd.org\/dignificando-la-memoria\/\",\"logo\":{\"@type\":\"ImageObject\",\"inLanguage\":\"es\",\"@id\":\"http:\/\/www.imdhd.org\/dignificando-la-memoria\/#\/schema\/logo\/image\/\",\"url\":\"https:\/\/www.imdhd.org\/dignificando-la-memoria\/wp-content\/uploads\/2021\/07\/id-dignificando-1.svg\",\"contentUrl\":\"https:\/\/www.imdhd.org\/dignificando-la-memoria\/wp-content\/uploads\/2021\/07\/id-dignificando-1.svg\",\"caption\":\"Dignificando la Memoria\"},\"image\":{\"@id\":\"http:\/\/www.imdhd.org\/dignificando-la-memoria\/#\/schema\/logo\/image\/\"}},{\"@type\":\"Person\",\"@id\":\"http:\/\/www.imdhd.org\/dignificando-la-memoria\/#\/schema\/person\/fc1a5e3d6a3e4277042ef4db3a951d0b\",\"name\":\"admin\",\"image\":{\"@type\":\"ImageObject\",\"inLanguage\":\"es\",\"@id\":\"http:\/\/www.imdhd.org\/dignificando-la-memoria\/#\/schema\/person\/image\/\",\"url\":\"https:\/\/secure.gravatar.com\/avatar\/12fe34de4959513a90310b36a309d41a2f2e8c9dec80cb6efa358434d27149fb?s=96&d=mm&r=g\",\"contentUrl\":\"https:\/\/secure.gravatar.com\/avatar\/12fe34de4959513a90310b36a309d41a2f2e8c9dec80cb6efa358434d27149fb?s=96&d=mm&r=g\",\"caption\":\"admin\"},\"sameAs\":[\"https:\/\/www.imdhd.org\/dignificando-la-memoria\"],\"url\":\"https:\/\/www.imdhd.org\/dignificando-la-memoria\/author\/admin\/\"}]}<\/script>\n<!-- \/ Yoast SEO plugin. -->","yoast_head_json":{"title":"Jose Mar\u00eda Sedano Posadas - Dignificando la Memoria","robots":{"index":"index","follow":"follow","max-snippet":"max-snippet:-1","max-image-preview":"max-image-preview:large","max-video-preview":"max-video-preview:-1"},"canonical":"https:\/\/www.imdhd.org\/dignificando-la-memoria\/memorias\/jose-maria-sedano-posadas\/","og_locale":"es_ES","og_type":"article","og_title":"Jose Mar\u00eda Sedano Posadas - Dignificando la Memoria","og_description":"Jos\u00e9 Mar\u00eda es de car\u00e1cter reservado, t\u00edmido. A \u00e9l le gustaba jugar futbol, jugar videojuegos; a pesar de que ya ten\u00eda sus hijos (\u2026) No se si el pensaba salir a buscar trabajo, pero ya no regres\u00f3 no sabemos si vive o no, si perdi\u00f3 la memoria o qu\u00e9 pas\u00f3 porque ya no regres\u00f3. Ha [&hellip;]","og_url":"https:\/\/www.imdhd.org\/dignificando-la-memoria\/memorias\/jose-maria-sedano-posadas\/","og_site_name":"Dignificando la Memoria","article_published_time":"2022-03-29T17:54:27+00:00","article_modified_time":"2022-05-02T18:42:05+00:00","author":"admin","twitter_card":"summary_large_image","twitter_image":"https:\/\/www.imdhd.org\/dignificando-la-memoria\/wp-content\/uploads\/2021\/07\/banner-testimonios.svg","twitter_misc":{"Escrito por":"admin","Tiempo de lectura":"1 minuto"},"schema":{"@context":"https:\/\/schema.org","@graph":[{"@type":"Article","@id":"https:\/\/www.imdhd.org\/dignificando-la-memoria\/memorias\/jose-maria-sedano-posadas\/#article","isPartOf":{"@id":"https:\/\/www.imdhd.org\/dignificando-la-memoria\/memorias\/jose-maria-sedano-posadas\/"},"author":{"name":"admin","@id":"http:\/\/www.imdhd.org\/dignificando-la-memoria\/#\/schema\/person\/fc1a5e3d6a3e4277042ef4db3a951d0b"},"headline":"Jose Mar\u00eda Sedano Posadas","datePublished":"2022-03-29T17:54:27+00:00","dateModified":"2022-05-02T18:42:05+00:00","mainEntityOfPage":{"@id":"https:\/\/www.imdhd.org\/dignificando-la-memoria\/memorias\/jose-maria-sedano-posadas\/"},"wordCount":128,"publisher":{"@id":"http:\/\/www.imdhd.org\/dignificando-la-memoria\/#organization"},"articleSection":["Memorias","Memorias Puebla"],"inLanguage":"es"},{"@type":"WebPage","@id":"https:\/\/www.imdhd.org\/dignificando-la-memoria\/memorias\/jose-maria-sedano-posadas\/","url":"https:\/\/www.imdhd.org\/dignificando-la-memoria\/memorias\/jose-maria-sedano-posadas\/","name":"Jose Mar\u00eda Sedano Posadas - Dignificando la Memoria","isPartOf":{"@id":"http:\/\/www.imdhd.org\/dignificando-la-memoria\/#website"},"datePublished":"2022-03-29T17:54:27+00:00","dateModified":"2022-05-02T18:42:05+00:00","breadcrumb":{"@id":"https:\/\/www.imdhd.org\/dignificando-la-memoria\/memorias\/jose-maria-sedano-posadas\/#breadcrumb"},"inLanguage":"es","potentialAction":[{"@type":"ReadAction","target":["https:\/\/www.imdhd.org\/dignificando-la-memoria\/memorias\/jose-maria-sedano-posadas\/"]}]},{"@type":"BreadcrumbList","@id":"https:\/\/www.imdhd.org\/dignificando-la-memoria\/memorias\/jose-maria-sedano-posadas\/#breadcrumb","itemListElement":[{"@type":"ListItem","position":1,"name":"Portada","item":"http:\/\/www.imdhd.org\/dignificando-la-memoria\/"},{"@type":"ListItem","position":2,"name":"Jose Mar\u00eda Sedano Posadas"}]},{"@type":"WebSite","@id":"http:\/\/www.imdhd.org\/dignificando-la-memoria\/#website","url":"http:\/\/www.imdhd.org\/dignificando-la-memoria\/","name":"Dignificando la Memoria","description":"Un proyecto que rescata y dignifica la memoria de las personas desaparecidas en M&eacute;xico","publisher":{"@id":"http:\/\/www.imdhd.org\/dignificando-la-memoria\/#organization"},"potentialAction":[{"@type":"SearchAction","target":{"@type":"EntryPoint","urlTemplate":"http:\/\/www.imdhd.org\/dignificando-la-memoria\/?s={search_term_string}"},"query-input":"required name=search_term_string"}],"inLanguage":"es"},{"@type":"Organization","@id":"http:\/\/www.imdhd.org\/dignificando-la-memoria\/#organization","name":"Dignificando la Memoria","url":"http:\/\/www.imdhd.org\/dignificando-la-memoria\/","logo":{"@type":"ImageObject","inLanguage":"es","@id":"http:\/\/www.imdhd.org\/dignificando-la-memoria\/#\/schema\/logo\/image\/","url":"https:\/\/www.imdhd.org\/dignificando-la-memoria\/wp-content\/uploads\/2021\/07\/id-dignificando-1.svg","contentUrl":"https:\/\/www.imdhd.org\/dignificando-la-memoria\/wp-content\/uploads\/2021\/07\/id-dignificando-1.svg","caption":"Dignificando la Memoria"},"image":{"@id":"http:\/\/www.imdhd.org\/dignificando-la-memoria\/#\/schema\/logo\/image\/"}},{"@type":"Person","@id":"http:\/\/www.imdhd.org\/dignificando-la-memoria\/#\/schema\/person\/fc1a5e3d6a3e4277042ef4db3a951d0b","name":"admin","image":{"@type":"ImageObject","inLanguage":"es","@id":"http:\/\/www.imdhd.org\/dignificando-la-memoria\/#\/schema\/person\/image\/","url":"https:\/\/secure.gravatar.com\/avatar\/12fe34de4959513a90310b36a309d41a2f2e8c9dec80cb6efa358434d27149fb?s=96&d=mm&r=g","contentUrl":"https:\/\/secure.gravatar.com\/avatar\/12fe34de4959513a90310b36a309d41a2f2e8c9dec80cb6efa358434d27149fb?s=96&d=mm&r=g","caption":"admin"},"sameAs":["https:\/\/www.imdhd.org\/dignificando-la-memoria"],"url":"https:\/\/www.imdhd.org\/dignificando-la-memoria\/author\/admin\/"}]}},"_links":{"self":[{"href":"https:\/\/www.imdhd.org\/dignificando-la-memoria\/wp-json\/wp\/v2\/posts\/1733","targetHints":{"allow":["GET"]}}],"collection":[{"href":"https:\/\/www.imdhd.org\/dignificando-la-memoria\/wp-json\/wp\/v2\/posts"}],"about":[{"href":"https:\/\/www.imdhd.org\/dignificando-la-memoria\/wp-json\/wp\/v2\/types\/post"}],"author":[{"embeddable":true,"href":"https:\/\/www.imdhd.org\/dignificando-la-memoria\/wp-json\/wp\/v2\/users\/1"}],"replies":[{"embeddable":true,"href":"https:\/\/www.imdhd.org\/dignificando-la-memoria\/wp-json\/wp\/v2\/comments?post=1733"}],"version-history":[{"count":6,"href":"https:\/\/www.imdhd.org\/dignificando-la-memoria\/wp-json\/wp\/v2\/posts\/1733\/revisions"}],"predecessor-version":[{"id":2411,"href":"https:\/\/www.imdhd.org\/dignificando-la-memoria\/wp-json\/wp\/v2\/posts\/1733\/revisions\/2411"}],"wp:featuredmedia":[{"embeddable":true,"href":"https:\/\/www.imdhd.org\/dignificando-la-memoria\/wp-json\/wp\/v2\/media\/90"}],"wp:attachment":[{"href":"https:\/\/www.imdhd.org\/dignificando-la-memoria\/wp-json\/wp\/v2\/media?parent=1733"}],"wp:term":[{"taxonomy":"category","embeddable":true,"href":"https:\/\/www.imdhd.org\/dignificando-la-memoria\/wp-json\/wp\/v2\/categories?post=1733"},{"taxonomy":"post_tag","embeddable":true,"href":"https:\/\/www.imdhd.org\/dignificando-la-memoria\/wp-json\/wp\/v2\/tags?post=1733"}],"curies":[{"name":"wp","href":"https:\/\/api.w.org\/{rel}","templated":true}]}}