{"id":1798,"date":"2022-03-29T19:32:46","date_gmt":"2022-03-29T19:32:46","guid":{"rendered":"https:\/\/www.imdhd.org\/dignificando-la-memoria\/?p=1798"},"modified":"2022-03-30T17:23:51","modified_gmt":"2022-03-30T17:23:51","slug":"bonifacio-uribe-tellez","status":"publish","type":"post","link":"https:\/\/www.imdhd.org\/dignificando-la-memoria\/memorias\/bonifacio-uribe-tellez\/","title":{"rendered":"Bonifacio Uribe T\u00e9llez"},"content":{"rendered":"\n<figure class=\"wp-block-embed alignwide is-type-video is-provider-youtube wp-block-embed-youtube wp-embed-aspect-16-9 wp-has-aspect-ratio\"><div class=\"wp-block-embed__wrapper\">\n<iframe loading=\"lazy\" title=\"332. Gabriela - Bonifacio\" width=\"500\" height=\"281\" src=\"https:\/\/www.youtube.com\/embed\/DVBAMHJfkx8?list=PL1ZgpTfzLAnpTu2VCtJruFcLImpB9O-2z\" frameborder=\"0\" allow=\"accelerometer; autoplay; clipboard-write; encrypted-media; gyroscope; picture-in-picture; web-share\" referrerpolicy=\"strict-origin-when-cross-origin\" allowfullscreen><\/iframe>\n<\/div><\/figure>\n\n\n\n<div style=\"height:30px\" aria-hidden=\"true\" class=\"wp-block-spacer\"><\/div>\n\n\n\n<h2 class=\"wp-block-heading\">A tu lado<\/h2>\n\n\n\n<pre class=\"wp-block-verse\">Era una ma\u00f1ana de dulces sue\u00f1os \nEl sol pegaba en mi cara que falta le hac\u00eda a los p\u00e1lidos rostros\nEl aroma era muy familiar, las hojas h\u00famedas y los asientos\ndispersos \nMe acerqu\u00e9 a donde ninguno despu\u00e9s de horas de pl\u00e1ticas se quiere levantar\ncomo ya no se hac\u00eda hace tiempo,\nY ah\u00ed estaba a tu lado con tus manitas que pude acariciar\nEra algo especial, pues en donde perteneces y con tus amados estabas ya\nNo puedo creer que est\u00e9s aqu\u00ed\nMir\u00e9 tu rostro y Sonre\u00ed \nMe hubiera gustado eternamente ah\u00ed quedarme \nA\u00fan que eso signifique que ya jam\u00e1s pudiera levantarme \nPero luego pas\u00f3 \nDespert\u00e9 y todo se esfum\u00f3\nVolv\u00ed a ver esas miradas ausentes \nLos corazones tristes y a las personas indiferentes \nVolv\u00ed a sentir que mor\u00eda\nPero si lo hago, dime padre quien te buscar\u00eda\nNo dejar\u00e9 de buscarte\nPues la lucha fue el m\u00e1s grande legado que me dejaste.\n<\/pre>\n\n\n\n<div style=\"height:30px\" aria-hidden=\"true\" class=\"wp-block-spacer\"><\/div>\n\n\n\n<div aria-label=\"Masonry Gallery\" class=\"wp-block-coblocks-gallery-masonry\"><div class=\"coblocks-gallery has-no-alignment has-caption-style-dark has-gutter\"><ul class=\"has-grid-lrg has-gutter-15 has-gutter-mobile-15\"><li class=\"coblocks-gallery--item\"><figure class=\"coblocks-gallery--figure\"><img loading=\"lazy\" decoding=\"async\" width=\"307\" height=\"1024\" src=\"http:\/\/www.imdhd.org\/dignificando-la-memoria\/wp-content\/uploads\/2022\/03\/bonifacio-8-307x1024.jpg\" alt=\"\" data-id=\"1831\" data-imglink=\"\" class=\"wp-image-1831\" srcset=\"https:\/\/www.imdhd.org\/dignificando-la-memoria\/wp-content\/uploads\/2022\/03\/bonifacio-8-307x1024.jpg 307w, https:\/\/www.imdhd.org\/dignificando-la-memoria\/wp-content\/uploads\/2022\/03\/bonifacio-8-90x300.jpg 90w, https:\/\/www.imdhd.org\/dignificando-la-memoria\/wp-content\/uploads\/2022\/03\/bonifacio-8-461x1536.jpg 461w, https:\/\/www.imdhd.org\/dignificando-la-memoria\/wp-content\/uploads\/2022\/03\/bonifacio-8.jpg 462w\" sizes=\"auto, (max-width: 307px) 100vw, 307px\" \/><\/figure><\/li><li class=\"coblocks-gallery--item\"><figure class=\"coblocks-gallery--figure\"><img loading=\"lazy\" decoding=\"async\" width=\"298\" height=\"1024\" src=\"http:\/\/www.imdhd.org\/dignificando-la-memoria\/wp-content\/uploads\/2022\/03\/bonifacio-7-298x1024.jpg\" alt=\"\" data-id=\"1830\" data-imglink=\"\" class=\"wp-image-1830\" srcset=\"https:\/\/www.imdhd.org\/dignificando-la-memoria\/wp-content\/uploads\/2022\/03\/bonifacio-7-298x1024.jpg 298w, https:\/\/www.imdhd.org\/dignificando-la-memoria\/wp-content\/uploads\/2022\/03\/bonifacio-7-87x300.jpg 87w, https:\/\/www.imdhd.org\/dignificando-la-memoria\/wp-content\/uploads\/2022\/03\/bonifacio-7-447x1536.jpg 447w, https:\/\/www.imdhd.org\/dignificando-la-memoria\/wp-content\/uploads\/2022\/03\/bonifacio-7.jpg 465w\" sizes=\"auto, (max-width: 298px) 100vw, 298px\" \/><\/figure><\/li><li class=\"coblocks-gallery--item\"><figure class=\"coblocks-gallery--figure\"><img loading=\"lazy\" decoding=\"async\" width=\"219\" height=\"792\" src=\"http:\/\/www.imdhd.org\/dignificando-la-memoria\/wp-content\/uploads\/2022\/03\/bonifacio-6.jpg\" alt=\"\" data-id=\"1829\" data-imglink=\"\" class=\"wp-image-1829\" srcset=\"https:\/\/www.imdhd.org\/dignificando-la-memoria\/wp-content\/uploads\/2022\/03\/bonifacio-6.jpg 219w, https:\/\/www.imdhd.org\/dignificando-la-memoria\/wp-content\/uploads\/2022\/03\/bonifacio-6-83x300.jpg 83w\" sizes=\"auto, (max-width: 219px) 100vw, 219px\" \/><\/figure><\/li><li class=\"coblocks-gallery--item\"><figure class=\"coblocks-gallery--figure\"><img loading=\"lazy\" decoding=\"async\" width=\"143\" height=\"414\" src=\"http:\/\/www.imdhd.org\/dignificando-la-memoria\/wp-content\/uploads\/2022\/03\/bonifacio-5.jpg\" alt=\"\" data-id=\"1827\" data-imglink=\"\" class=\"wp-image-1827\" srcset=\"https:\/\/www.imdhd.org\/dignificando-la-memoria\/wp-content\/uploads\/2022\/03\/bonifacio-5.jpg 143w, https:\/\/www.imdhd.org\/dignificando-la-memoria\/wp-content\/uploads\/2022\/03\/bonifacio-5-104x300.jpg 104w\" sizes=\"auto, (max-width: 143px) 100vw, 143px\" \/><\/figure><\/li><li class=\"coblocks-gallery--item\"><figure class=\"coblocks-gallery--figure\"><img loading=\"lazy\" decoding=\"async\" width=\"298\" height=\"1024\" src=\"http:\/\/www.imdhd.org\/dignificando-la-memoria\/wp-content\/uploads\/2022\/03\/bonifacio-4-298x1024.jpg\" alt=\"\" data-id=\"1826\" data-imglink=\"\" class=\"wp-image-1826\" srcset=\"https:\/\/www.imdhd.org\/dignificando-la-memoria\/wp-content\/uploads\/2022\/03\/bonifacio-4-298x1024.jpg 298w, https:\/\/www.imdhd.org\/dignificando-la-memoria\/wp-content\/uploads\/2022\/03\/bonifacio-4-87x300.jpg 87w, https:\/\/www.imdhd.org\/dignificando-la-memoria\/wp-content\/uploads\/2022\/03\/bonifacio-4.jpg 407w\" sizes=\"auto, (max-width: 298px) 100vw, 298px\" \/><\/figure><\/li><li class=\"coblocks-gallery--item\"><figure class=\"coblocks-gallery--figure\"><img loading=\"lazy\" decoding=\"async\" width=\"291\" height=\"1024\" src=\"http:\/\/www.imdhd.org\/dignificando-la-memoria\/wp-content\/uploads\/2022\/03\/bonifacio-2-291x1024.jpg\" alt=\"\" data-id=\"1824\" data-imglink=\"\" class=\"wp-image-1824\" srcset=\"https:\/\/www.imdhd.org\/dignificando-la-memoria\/wp-content\/uploads\/2022\/03\/bonifacio-2-291x1024.jpg 291w, https:\/\/www.imdhd.org\/dignificando-la-memoria\/wp-content\/uploads\/2022\/03\/bonifacio-2-85x300.jpg 85w, https:\/\/www.imdhd.org\/dignificando-la-memoria\/wp-content\/uploads\/2022\/03\/bonifacio-2.jpg 420w\" sizes=\"auto, (max-width: 291px) 100vw, 291px\" \/><\/figure><\/li><li class=\"coblocks-gallery--item\"><figure class=\"coblocks-gallery--figure\"><img loading=\"lazy\" decoding=\"async\" width=\"641\" height=\"1024\" src=\"http:\/\/www.imdhd.org\/dignificando-la-memoria\/wp-content\/uploads\/2022\/03\/bonifacio-3-641x1024.jpg\" alt=\"\" data-id=\"1825\" data-imglink=\"\" class=\"wp-image-1825\" srcset=\"https:\/\/www.imdhd.org\/dignificando-la-memoria\/wp-content\/uploads\/2022\/03\/bonifacio-3-641x1024.jpg 641w, https:\/\/www.imdhd.org\/dignificando-la-memoria\/wp-content\/uploads\/2022\/03\/bonifacio-3-188x300.jpg 188w, https:\/\/www.imdhd.org\/dignificando-la-memoria\/wp-content\/uploads\/2022\/03\/bonifacio-3-768x1228.jpg 768w, https:\/\/www.imdhd.org\/dignificando-la-memoria\/wp-content\/uploads\/2022\/03\/bonifacio-3-961x1536.jpg 961w, https:\/\/www.imdhd.org\/dignificando-la-memoria\/wp-content\/uploads\/2022\/03\/bonifacio-3.jpg 1001w\" sizes=\"auto, (max-width: 641px) 100vw, 641px\" \/><\/figure><\/li><li class=\"coblocks-gallery--item\"><figure class=\"coblocks-gallery--figure\"><img loading=\"lazy\" decoding=\"async\" width=\"768\" height=\"1024\" src=\"http:\/\/www.imdhd.org\/dignificando-la-memoria\/wp-content\/uploads\/2022\/03\/bonifacio-1-768x1024.jpg\" alt=\"\" data-id=\"1823\" data-imglink=\"\" class=\"wp-image-1823\" srcset=\"https:\/\/www.imdhd.org\/dignificando-la-memoria\/wp-content\/uploads\/2022\/03\/bonifacio-1-768x1024.jpg 768w, https:\/\/www.imdhd.org\/dignificando-la-memoria\/wp-content\/uploads\/2022\/03\/bonifacio-1-225x300.jpg 225w, https:\/\/www.imdhd.org\/dignificando-la-memoria\/wp-content\/uploads\/2022\/03\/bonifacio-1-1152x1536.jpg 1152w, https:\/\/www.imdhd.org\/dignificando-la-memoria\/wp-content\/uploads\/2022\/03\/bonifacio-1.jpg 1200w\" sizes=\"auto, (max-width: 768px) 100vw, 768px\" \/><\/figure><\/li><\/ul><\/div><\/div>\n\n\n\n<h2 class=\"wp-block-heading\">Poema a pap\u00e1<\/h2>\n\n\n\n<pre class=\"wp-block-verse\">Para mi pap\u00e1 \"El Profe Boni\"\nTe recuerdo siempre libre con tu esencia inalterable\nSiempre fiel a tus ideas, siempre inquebrantable\nEl olvido est\u00e1 presente en el aire y en la gente\nPara el estado y su pol\u00edtica tan s\u00f3lo eres un expediente \n\nTe e buscado hasta quedarme sin  aliento\nY entre piedras no hayo nada solo tu recuerdo\nNuestras suelas de zapatos est\u00e1n desgastadas ya \nY de tus huellas ning\u00fan rastro podemos encontrar \n\nTanta gente que nos dice que dejemos de buscar \nQue sigamos nuestras vidas con normalidad \nNo entienden que tu ausencia tambi\u00e9n nos desaparece \nNos lastima y nos sangra cada d\u00eda que amanece.\n\nNuestras noches nos traicionan dando vueltas a la mente\nPreguntando donde  est\u00e1s, si es que tu tambi\u00e9n no duermes\nMis hermanos prenden velas esperando eso te gu\u00ede \nPues tu nos ense\u00f1aste que un guerrero (h\u00e9roe) no se rinde\n\nTus amigos y familia lucharemos hasta el fin \nEsperando reencontrar nos y volver a sonre\u00edr\nPadre m\u00edo no te olvido ni lo har\u00eda \nPues t\u00fa y mam\u00e1 me dieron esta digna rebeld\u00eda. \n\nGabriela Uribe \n<\/pre>\n","protected":false},"excerpt":{"rendered":"<p>A tu lado Era una ma\u00f1ana de dulces sue\u00f1os El sol pegaba en mi cara que falta le hac\u00eda a los p\u00e1lidos rostros El aroma era muy familiar, las hojas h\u00famedas y los asientos dispersos Me acerqu\u00e9 a donde ninguno despu\u00e9s de horas de pl\u00e1ticas se quiere levantar como ya no se hac\u00eda hace tiempo, [&hellip;]<\/p>\n","protected":false},"author":1,"featured_media":90,"comment_status":"closed","ping_status":"closed","sticky":false,"template":"","format":"standard","meta":{"_coblocks_attr":"","_coblocks_dimensions":"","_coblocks_responsive_height":"","_coblocks_accordion_ie_support":"","ub_ctt_via":"","footnotes":""},"categories":[3,5],"tags":[],"class_list":["post-1798","post","type-post","status-publish","format-standard","has-post-thumbnail","hentry","category-memorias","category-memorias-puebla"],"acf":[],"featured_image_src":"https:\/\/www.imdhd.org\/dignificando-la-memoria\/wp-content\/uploads\/2021\/07\/banner-testimonios.svg","author_info":{"display_name":"admin","author_link":"https:\/\/www.imdhd.org\/dignificando-la-memoria\/author\/admin\/"},"yoast_head":"<!-- This site is optimized with the Yoast SEO plugin v21.8 - https:\/\/yoast.com\/wordpress\/plugins\/seo\/ -->\n<title>Bonifacio Uribe T\u00e9llez - Dignificando la Memoria<\/title>\n<meta name=\"robots\" content=\"index, follow, max-snippet:-1, max-image-preview:large, max-video-preview:-1\" \/>\n<link rel=\"canonical\" href=\"https:\/\/www.imdhd.org\/dignificando-la-memoria\/memorias\/bonifacio-uribe-tellez\/\" \/>\n<meta property=\"og:locale\" content=\"es_ES\" \/>\n<meta property=\"og:type\" content=\"article\" \/>\n<meta property=\"og:title\" content=\"Bonifacio Uribe T\u00e9llez - Dignificando la Memoria\" \/>\n<meta property=\"og:description\" content=\"A tu lado Era una ma\u00f1ana de dulces sue\u00f1os El sol pegaba en mi cara que falta le hac\u00eda a los p\u00e1lidos rostros El aroma era muy familiar, las hojas h\u00famedas y los asientos dispersos Me acerqu\u00e9 a donde ninguno despu\u00e9s de horas de pl\u00e1ticas se quiere levantar como ya no se hac\u00eda hace tiempo, [&hellip;]\" \/>\n<meta property=\"og:url\" content=\"https:\/\/www.imdhd.org\/dignificando-la-memoria\/memorias\/bonifacio-uribe-tellez\/\" \/>\n<meta property=\"og:site_name\" content=\"Dignificando la Memoria\" \/>\n<meta property=\"article:published_time\" content=\"2022-03-29T19:32:46+00:00\" \/>\n<meta property=\"article:modified_time\" content=\"2022-03-30T17:23:51+00:00\" \/>\n<meta name=\"author\" content=\"admin\" \/>\n<meta name=\"twitter:card\" content=\"summary_large_image\" \/>\n<meta name=\"twitter:image\" content=\"https:\/\/www.imdhd.org\/dignificando-la-memoria\/wp-content\/uploads\/2021\/07\/banner-testimonios.svg\" \/>\n<meta name=\"twitter:label1\" content=\"Escrito por\" \/>\n\t<meta name=\"twitter:data1\" content=\"admin\" \/>\n\t<meta name=\"twitter:label2\" content=\"Tiempo de lectura\" \/>\n\t<meta name=\"twitter:data2\" content=\"2 minutos\" \/>\n<script type=\"application\/ld+json\" class=\"yoast-schema-graph\">{\"@context\":\"https:\/\/schema.org\",\"@graph\":[{\"@type\":\"Article\",\"@id\":\"https:\/\/www.imdhd.org\/dignificando-la-memoria\/memorias\/bonifacio-uribe-tellez\/#article\",\"isPartOf\":{\"@id\":\"https:\/\/www.imdhd.org\/dignificando-la-memoria\/memorias\/bonifacio-uribe-tellez\/\"},\"author\":{\"name\":\"admin\",\"@id\":\"http:\/\/www.imdhd.org\/dignificando-la-memoria\/#\/schema\/person\/fc1a5e3d6a3e4277042ef4db3a951d0b\"},\"headline\":\"Bonifacio Uribe T\u00e9llez\",\"datePublished\":\"2022-03-29T19:32:46+00:00\",\"dateModified\":\"2022-03-30T17:23:51+00:00\",\"mainEntityOfPage\":{\"@id\":\"https:\/\/www.imdhd.org\/dignificando-la-memoria\/memorias\/bonifacio-uribe-tellez\/\"},\"wordCount\":26,\"publisher\":{\"@id\":\"http:\/\/www.imdhd.org\/dignificando-la-memoria\/#organization\"},\"articleSection\":[\"Memorias\",\"Memorias Puebla\"],\"inLanguage\":\"es\"},{\"@type\":\"WebPage\",\"@id\":\"https:\/\/www.imdhd.org\/dignificando-la-memoria\/memorias\/bonifacio-uribe-tellez\/\",\"url\":\"https:\/\/www.imdhd.org\/dignificando-la-memoria\/memorias\/bonifacio-uribe-tellez\/\",\"name\":\"Bonifacio Uribe T\u00e9llez - Dignificando la Memoria\",\"isPartOf\":{\"@id\":\"http:\/\/www.imdhd.org\/dignificando-la-memoria\/#website\"},\"datePublished\":\"2022-03-29T19:32:46+00:00\",\"dateModified\":\"2022-03-30T17:23:51+00:00\",\"breadcrumb\":{\"@id\":\"https:\/\/www.imdhd.org\/dignificando-la-memoria\/memorias\/bonifacio-uribe-tellez\/#breadcrumb\"},\"inLanguage\":\"es\",\"potentialAction\":[{\"@type\":\"ReadAction\",\"target\":[\"https:\/\/www.imdhd.org\/dignificando-la-memoria\/memorias\/bonifacio-uribe-tellez\/\"]}]},{\"@type\":\"BreadcrumbList\",\"@id\":\"https:\/\/www.imdhd.org\/dignificando-la-memoria\/memorias\/bonifacio-uribe-tellez\/#breadcrumb\",\"itemListElement\":[{\"@type\":\"ListItem\",\"position\":1,\"name\":\"Portada\",\"item\":\"http:\/\/www.imdhd.org\/dignificando-la-memoria\/\"},{\"@type\":\"ListItem\",\"position\":2,\"name\":\"Bonifacio Uribe T\u00e9llez\"}]},{\"@type\":\"WebSite\",\"@id\":\"http:\/\/www.imdhd.org\/dignificando-la-memoria\/#website\",\"url\":\"http:\/\/www.imdhd.org\/dignificando-la-memoria\/\",\"name\":\"Dignificando la Memoria\",\"description\":\"Un proyecto que rescata y dignifica la memoria de las personas desaparecidas en M&eacute;xico\",\"publisher\":{\"@id\":\"http:\/\/www.imdhd.org\/dignificando-la-memoria\/#organization\"},\"potentialAction\":[{\"@type\":\"SearchAction\",\"target\":{\"@type\":\"EntryPoint\",\"urlTemplate\":\"http:\/\/www.imdhd.org\/dignificando-la-memoria\/?s={search_term_string}\"},\"query-input\":\"required name=search_term_string\"}],\"inLanguage\":\"es\"},{\"@type\":\"Organization\",\"@id\":\"http:\/\/www.imdhd.org\/dignificando-la-memoria\/#organization\",\"name\":\"Dignificando la Memoria\",\"url\":\"http:\/\/www.imdhd.org\/dignificando-la-memoria\/\",\"logo\":{\"@type\":\"ImageObject\",\"inLanguage\":\"es\",\"@id\":\"http:\/\/www.imdhd.org\/dignificando-la-memoria\/#\/schema\/logo\/image\/\",\"url\":\"https:\/\/www.imdhd.org\/dignificando-la-memoria\/wp-content\/uploads\/2021\/07\/id-dignificando-1.svg\",\"contentUrl\":\"https:\/\/www.imdhd.org\/dignificando-la-memoria\/wp-content\/uploads\/2021\/07\/id-dignificando-1.svg\",\"caption\":\"Dignificando la Memoria\"},\"image\":{\"@id\":\"http:\/\/www.imdhd.org\/dignificando-la-memoria\/#\/schema\/logo\/image\/\"}},{\"@type\":\"Person\",\"@id\":\"http:\/\/www.imdhd.org\/dignificando-la-memoria\/#\/schema\/person\/fc1a5e3d6a3e4277042ef4db3a951d0b\",\"name\":\"admin\",\"image\":{\"@type\":\"ImageObject\",\"inLanguage\":\"es\",\"@id\":\"http:\/\/www.imdhd.org\/dignificando-la-memoria\/#\/schema\/person\/image\/\",\"url\":\"https:\/\/secure.gravatar.com\/avatar\/12fe34de4959513a90310b36a309d41a2f2e8c9dec80cb6efa358434d27149fb?s=96&d=mm&r=g\",\"contentUrl\":\"https:\/\/secure.gravatar.com\/avatar\/12fe34de4959513a90310b36a309d41a2f2e8c9dec80cb6efa358434d27149fb?s=96&d=mm&r=g\",\"caption\":\"admin\"},\"sameAs\":[\"https:\/\/www.imdhd.org\/dignificando-la-memoria\"],\"url\":\"https:\/\/www.imdhd.org\/dignificando-la-memoria\/author\/admin\/\"}]}<\/script>\n<!-- \/ Yoast SEO plugin. -->","yoast_head_json":{"title":"Bonifacio Uribe T\u00e9llez - Dignificando la Memoria","robots":{"index":"index","follow":"follow","max-snippet":"max-snippet:-1","max-image-preview":"max-image-preview:large","max-video-preview":"max-video-preview:-1"},"canonical":"https:\/\/www.imdhd.org\/dignificando-la-memoria\/memorias\/bonifacio-uribe-tellez\/","og_locale":"es_ES","og_type":"article","og_title":"Bonifacio Uribe T\u00e9llez - Dignificando la Memoria","og_description":"A tu lado Era una ma\u00f1ana de dulces sue\u00f1os El sol pegaba en mi cara que falta le hac\u00eda a los p\u00e1lidos rostros El aroma era muy familiar, las hojas h\u00famedas y los asientos dispersos Me acerqu\u00e9 a donde ninguno despu\u00e9s de horas de pl\u00e1ticas se quiere levantar como ya no se hac\u00eda hace tiempo, [&hellip;]","og_url":"https:\/\/www.imdhd.org\/dignificando-la-memoria\/memorias\/bonifacio-uribe-tellez\/","og_site_name":"Dignificando la Memoria","article_published_time":"2022-03-29T19:32:46+00:00","article_modified_time":"2022-03-30T17:23:51+00:00","author":"admin","twitter_card":"summary_large_image","twitter_image":"https:\/\/www.imdhd.org\/dignificando-la-memoria\/wp-content\/uploads\/2021\/07\/banner-testimonios.svg","twitter_misc":{"Escrito por":"admin","Tiempo de lectura":"2 minutos"},"schema":{"@context":"https:\/\/schema.org","@graph":[{"@type":"Article","@id":"https:\/\/www.imdhd.org\/dignificando-la-memoria\/memorias\/bonifacio-uribe-tellez\/#article","isPartOf":{"@id":"https:\/\/www.imdhd.org\/dignificando-la-memoria\/memorias\/bonifacio-uribe-tellez\/"},"author":{"name":"admin","@id":"http:\/\/www.imdhd.org\/dignificando-la-memoria\/#\/schema\/person\/fc1a5e3d6a3e4277042ef4db3a951d0b"},"headline":"Bonifacio Uribe T\u00e9llez","datePublished":"2022-03-29T19:32:46+00:00","dateModified":"2022-03-30T17:23:51+00:00","mainEntityOfPage":{"@id":"https:\/\/www.imdhd.org\/dignificando-la-memoria\/memorias\/bonifacio-uribe-tellez\/"},"wordCount":26,"publisher":{"@id":"http:\/\/www.imdhd.org\/dignificando-la-memoria\/#organization"},"articleSection":["Memorias","Memorias Puebla"],"inLanguage":"es"},{"@type":"WebPage","@id":"https:\/\/www.imdhd.org\/dignificando-la-memoria\/memorias\/bonifacio-uribe-tellez\/","url":"https:\/\/www.imdhd.org\/dignificando-la-memoria\/memorias\/bonifacio-uribe-tellez\/","name":"Bonifacio Uribe T\u00e9llez - Dignificando la Memoria","isPartOf":{"@id":"http:\/\/www.imdhd.org\/dignificando-la-memoria\/#website"},"datePublished":"2022-03-29T19:32:46+00:00","dateModified":"2022-03-30T17:23:51+00:00","breadcrumb":{"@id":"https:\/\/www.imdhd.org\/dignificando-la-memoria\/memorias\/bonifacio-uribe-tellez\/#breadcrumb"},"inLanguage":"es","potentialAction":[{"@type":"ReadAction","target":["https:\/\/www.imdhd.org\/dignificando-la-memoria\/memorias\/bonifacio-uribe-tellez\/"]}]},{"@type":"BreadcrumbList","@id":"https:\/\/www.imdhd.org\/dignificando-la-memoria\/memorias\/bonifacio-uribe-tellez\/#breadcrumb","itemListElement":[{"@type":"ListItem","position":1,"name":"Portada","item":"http:\/\/www.imdhd.org\/dignificando-la-memoria\/"},{"@type":"ListItem","position":2,"name":"Bonifacio Uribe T\u00e9llez"}]},{"@type":"WebSite","@id":"http:\/\/www.imdhd.org\/dignificando-la-memoria\/#website","url":"http:\/\/www.imdhd.org\/dignificando-la-memoria\/","name":"Dignificando la Memoria","description":"Un proyecto que rescata y dignifica la memoria de las personas desaparecidas en M&eacute;xico","publisher":{"@id":"http:\/\/www.imdhd.org\/dignificando-la-memoria\/#organization"},"potentialAction":[{"@type":"SearchAction","target":{"@type":"EntryPoint","urlTemplate":"http:\/\/www.imdhd.org\/dignificando-la-memoria\/?s={search_term_string}"},"query-input":"required name=search_term_string"}],"inLanguage":"es"},{"@type":"Organization","@id":"http:\/\/www.imdhd.org\/dignificando-la-memoria\/#organization","name":"Dignificando la Memoria","url":"http:\/\/www.imdhd.org\/dignificando-la-memoria\/","logo":{"@type":"ImageObject","inLanguage":"es","@id":"http:\/\/www.imdhd.org\/dignificando-la-memoria\/#\/schema\/logo\/image\/","url":"https:\/\/www.imdhd.org\/dignificando-la-memoria\/wp-content\/uploads\/2021\/07\/id-dignificando-1.svg","contentUrl":"https:\/\/www.imdhd.org\/dignificando-la-memoria\/wp-content\/uploads\/2021\/07\/id-dignificando-1.svg","caption":"Dignificando la Memoria"},"image":{"@id":"http:\/\/www.imdhd.org\/dignificando-la-memoria\/#\/schema\/logo\/image\/"}},{"@type":"Person","@id":"http:\/\/www.imdhd.org\/dignificando-la-memoria\/#\/schema\/person\/fc1a5e3d6a3e4277042ef4db3a951d0b","name":"admin","image":{"@type":"ImageObject","inLanguage":"es","@id":"http:\/\/www.imdhd.org\/dignificando-la-memoria\/#\/schema\/person\/image\/","url":"https:\/\/secure.gravatar.com\/avatar\/12fe34de4959513a90310b36a309d41a2f2e8c9dec80cb6efa358434d27149fb?s=96&d=mm&r=g","contentUrl":"https:\/\/secure.gravatar.com\/avatar\/12fe34de4959513a90310b36a309d41a2f2e8c9dec80cb6efa358434d27149fb?s=96&d=mm&r=g","caption":"admin"},"sameAs":["https:\/\/www.imdhd.org\/dignificando-la-memoria"],"url":"https:\/\/www.imdhd.org\/dignificando-la-memoria\/author\/admin\/"}]}},"_links":{"self":[{"href":"https:\/\/www.imdhd.org\/dignificando-la-memoria\/wp-json\/wp\/v2\/posts\/1798","targetHints":{"allow":["GET"]}}],"collection":[{"href":"https:\/\/www.imdhd.org\/dignificando-la-memoria\/wp-json\/wp\/v2\/posts"}],"about":[{"href":"https:\/\/www.imdhd.org\/dignificando-la-memoria\/wp-json\/wp\/v2\/types\/post"}],"author":[{"embeddable":true,"href":"https:\/\/www.imdhd.org\/dignificando-la-memoria\/wp-json\/wp\/v2\/users\/1"}],"replies":[{"embeddable":true,"href":"https:\/\/www.imdhd.org\/dignificando-la-memoria\/wp-json\/wp\/v2\/comments?post=1798"}],"version-history":[{"count":16,"href":"https:\/\/www.imdhd.org\/dignificando-la-memoria\/wp-json\/wp\/v2\/posts\/1798\/revisions"}],"predecessor-version":[{"id":2024,"href":"https:\/\/www.imdhd.org\/dignificando-la-memoria\/wp-json\/wp\/v2\/posts\/1798\/revisions\/2024"}],"wp:featuredmedia":[{"embeddable":true,"href":"https:\/\/www.imdhd.org\/dignificando-la-memoria\/wp-json\/wp\/v2\/media\/90"}],"wp:attachment":[{"href":"https:\/\/www.imdhd.org\/dignificando-la-memoria\/wp-json\/wp\/v2\/media?parent=1798"}],"wp:term":[{"taxonomy":"category","embeddable":true,"href":"https:\/\/www.imdhd.org\/dignificando-la-memoria\/wp-json\/wp\/v2\/categories?post=1798"},{"taxonomy":"post_tag","embeddable":true,"href":"https:\/\/www.imdhd.org\/dignificando-la-memoria\/wp-json\/wp\/v2\/tags?post=1798"}],"curies":[{"name":"wp","href":"https:\/\/api.w.org\/{rel}","templated":true}]}}