{"id":1879,"date":"2022-03-30T01:46:36","date_gmt":"2022-03-30T01:46:36","guid":{"rendered":"https:\/\/www.imdhd.org\/dignificando-la-memoria\/?p=1879"},"modified":"2022-06-14T22:08:51","modified_gmt":"2022-06-14T22:08:51","slug":"roberto-cordoba-ruiz","status":"publish","type":"post","link":"https:\/\/www.imdhd.org\/dignificando-la-memoria\/memorias\/roberto-cordoba-ruiz\/","title":{"rendered":"Roberto C\u00f3rdoba Ruiz"},"content":{"rendered":"\n<blockquote class=\"wp-block-quote is-layout-flow wp-block-quote-is-layout-flow\"><p>Lo que haya pasado, lo que hayas tenido que hacer, no me importa. S\u00f3lo quiero poder volver a verte. Siempre ser\u00e1s mi hijo y siempre te querr\u00e9. <\/p><cite>Mina, mam\u00e1 de Roberto C\u00f3rdoba Ruiz<\/cite><\/blockquote>\n\n\n\n<figure class=\"wp-block-embed alignfull is-type-video is-provider-youtube wp-block-embed-youtube wp-embed-aspect-16-9 wp-has-aspect-ratio\"><div class=\"wp-block-embed__wrapper\">\n<iframe loading=\"lazy\" title=\"414. Mina - Roberto\" width=\"500\" height=\"281\" src=\"https:\/\/www.youtube.com\/embed\/1wJSH1XmeUg?feature=oembed\" frameborder=\"0\" allow=\"accelerometer; autoplay; clipboard-write; encrypted-media; gyroscope; picture-in-picture; web-share\" referrerpolicy=\"strict-origin-when-cross-origin\" allowfullscreen><\/iframe>\n<\/div><\/figure>\n\n\n\n<div style=\"height:30px\" aria-hidden=\"true\" class=\"wp-block-spacer\"><\/div>\n\n\n\n<figure class=\"wp-block-gallery has-nested-images columns-default is-cropped wp-block-gallery-1 is-layout-flex wp-block-gallery-is-layout-flex\">\n<figure class=\"wp-block-image size-large\"><a href=\"https:\/\/www.imdhd.org\/dignificando-la-memoria\/wp-content\/uploads\/2022\/03\/414-roberto-1.jpg\"><img loading=\"lazy\" decoding=\"async\" width=\"768\" height=\"1024\" data-id=\"1884\" src=\"http:\/\/www.imdhd.org\/dignificando-la-memoria\/wp-content\/uploads\/2022\/03\/414-roberto-1.jpg\" alt=\"\" class=\"wp-image-1884\" srcset=\"https:\/\/www.imdhd.org\/dignificando-la-memoria\/wp-content\/uploads\/2022\/03\/414-roberto-1.jpg 768w, https:\/\/www.imdhd.org\/dignificando-la-memoria\/wp-content\/uploads\/2022\/03\/414-roberto-1-225x300.jpg 225w\" sizes=\"auto, (max-width: 768px) 100vw, 768px\" \/><\/a><\/figure>\n\n\n\n<figure class=\"wp-block-image size-large\"><a href=\"https:\/\/www.imdhd.org\/dignificando-la-memoria\/wp-content\/uploads\/2022\/03\/414-roberto-2.jpg\"><img loading=\"lazy\" decoding=\"async\" width=\"667\" height=\"882\" data-id=\"1885\" src=\"http:\/\/www.imdhd.org\/dignificando-la-memoria\/wp-content\/uploads\/2022\/03\/414-roberto-2.jpg\" alt=\"\" class=\"wp-image-1885\" srcset=\"https:\/\/www.imdhd.org\/dignificando-la-memoria\/wp-content\/uploads\/2022\/03\/414-roberto-2.jpg 667w, https:\/\/www.imdhd.org\/dignificando-la-memoria\/wp-content\/uploads\/2022\/03\/414-roberto-2-227x300.jpg 227w\" sizes=\"auto, (max-width: 667px) 100vw, 667px\" \/><\/a><\/figure>\n\n\n\n<figure class=\"wp-block-image size-large\"><a href=\"https:\/\/www.imdhd.org\/dignificando-la-memoria\/wp-content\/uploads\/2022\/03\/414-roberto-3.jpg\"><img loading=\"lazy\" decoding=\"async\" width=\"700\" height=\"933\" data-id=\"1886\" src=\"http:\/\/www.imdhd.org\/dignificando-la-memoria\/wp-content\/uploads\/2022\/03\/414-roberto-3.jpg\" alt=\"\" class=\"wp-image-1886\" srcset=\"https:\/\/www.imdhd.org\/dignificando-la-memoria\/wp-content\/uploads\/2022\/03\/414-roberto-3.jpg 700w, https:\/\/www.imdhd.org\/dignificando-la-memoria\/wp-content\/uploads\/2022\/03\/414-roberto-3-225x300.jpg 225w\" sizes=\"auto, (max-width: 700px) 100vw, 700px\" \/><\/a><\/figure>\n\n\n\n<figure class=\"wp-block-image size-large\"><a href=\"https:\/\/www.imdhd.org\/dignificando-la-memoria\/wp-content\/uploads\/2022\/03\/414-roberto-4.jpg\"><img loading=\"lazy\" decoding=\"async\" width=\"700\" height=\"933\" data-id=\"1887\" src=\"http:\/\/www.imdhd.org\/dignificando-la-memoria\/wp-content\/uploads\/2022\/03\/414-roberto-4.jpg\" alt=\"\" class=\"wp-image-1887\" srcset=\"https:\/\/www.imdhd.org\/dignificando-la-memoria\/wp-content\/uploads\/2022\/03\/414-roberto-4.jpg 700w, https:\/\/www.imdhd.org\/dignificando-la-memoria\/wp-content\/uploads\/2022\/03\/414-roberto-4-225x300.jpg 225w\" sizes=\"auto, (max-width: 700px) 100vw, 700px\" \/><\/a><\/figure>\n\n\n\n<figure class=\"wp-block-image size-large\"><a href=\"https:\/\/www.imdhd.org\/dignificando-la-memoria\/wp-content\/uploads\/2022\/03\/414-roberto-5.jpg\"><img loading=\"lazy\" decoding=\"async\" width=\"700\" height=\"525\" data-id=\"1888\" src=\"http:\/\/www.imdhd.org\/dignificando-la-memoria\/wp-content\/uploads\/2022\/03\/414-roberto-5.jpg\" alt=\"\" class=\"wp-image-1888\" srcset=\"https:\/\/www.imdhd.org\/dignificando-la-memoria\/wp-content\/uploads\/2022\/03\/414-roberto-5.jpg 700w, https:\/\/www.imdhd.org\/dignificando-la-memoria\/wp-content\/uploads\/2022\/03\/414-roberto-5-300x225.jpg 300w\" sizes=\"auto, (max-width: 700px) 100vw, 700px\" \/><\/a><\/figure>\n\n\n\n<figure class=\"wp-block-image size-large\"><a href=\"https:\/\/www.imdhd.org\/dignificando-la-memoria\/wp-content\/uploads\/2022\/03\/414-roberto-6.jpg\"><img loading=\"lazy\" decoding=\"async\" width=\"600\" height=\"450\" data-id=\"1889\" src=\"http:\/\/www.imdhd.org\/dignificando-la-memoria\/wp-content\/uploads\/2022\/03\/414-roberto-6.jpg\" alt=\"\" class=\"wp-image-1889\" srcset=\"https:\/\/www.imdhd.org\/dignificando-la-memoria\/wp-content\/uploads\/2022\/03\/414-roberto-6.jpg 600w, https:\/\/www.imdhd.org\/dignificando-la-memoria\/wp-content\/uploads\/2022\/03\/414-roberto-6-300x225.jpg 300w\" sizes=\"auto, (max-width: 600px) 100vw, 600px\" \/><\/a><\/figure>\n<\/figure>\n","protected":false},"excerpt":{"rendered":"<p>Lo que haya pasado, lo que hayas tenido que hacer, no me importa. S\u00f3lo quiero poder volver a verte. Siempre ser\u00e1s mi hijo y siempre te querr\u00e9. Mina, mam\u00e1 de Roberto C\u00f3rdoba Ruiz<\/p>\n","protected":false},"author":1,"featured_media":90,"comment_status":"closed","ping_status":"closed","sticky":false,"template":"","format":"standard","meta":{"_coblocks_attr":"","_coblocks_dimensions":"","_coblocks_responsive_height":"","_coblocks_accordion_ie_support":"","ub_ctt_via":"","footnotes":""},"categories":[3,11],"tags":[],"class_list":["post-1879","post","type-post","status-publish","format-standard","has-post-thumbnail","hentry","category-memorias","category-otros-estados"],"acf":[],"featured_image_src":"https:\/\/www.imdhd.org\/dignificando-la-memoria\/wp-content\/uploads\/2021\/07\/banner-testimonios.svg","author_info":{"display_name":"admin","author_link":"https:\/\/www.imdhd.org\/dignificando-la-memoria\/author\/admin\/"},"yoast_head":"<!-- This site is optimized with the Yoast SEO plugin v21.8 - https:\/\/yoast.com\/wordpress\/plugins\/seo\/ -->\n<title>Roberto C\u00f3rdoba Ruiz - Dignificando la Memoria<\/title>\n<meta name=\"robots\" content=\"index, follow, max-snippet:-1, max-image-preview:large, max-video-preview:-1\" \/>\n<link rel=\"canonical\" href=\"https:\/\/www.imdhd.org\/dignificando-la-memoria\/memorias\/roberto-cordoba-ruiz\/\" \/>\n<meta property=\"og:locale\" content=\"es_ES\" \/>\n<meta property=\"og:type\" content=\"article\" \/>\n<meta property=\"og:title\" content=\"Roberto C\u00f3rdoba Ruiz - Dignificando la Memoria\" \/>\n<meta property=\"og:description\" content=\"Lo que haya pasado, lo que hayas tenido que hacer, no me importa. S\u00f3lo quiero poder volver a verte. Siempre ser\u00e1s mi hijo y siempre te querr\u00e9. Mina, mam\u00e1 de Roberto C\u00f3rdoba Ruiz\" \/>\n<meta property=\"og:url\" content=\"https:\/\/www.imdhd.org\/dignificando-la-memoria\/memorias\/roberto-cordoba-ruiz\/\" \/>\n<meta property=\"og:site_name\" content=\"Dignificando la Memoria\" \/>\n<meta property=\"article:published_time\" content=\"2022-03-30T01:46:36+00:00\" \/>\n<meta property=\"article:modified_time\" content=\"2022-06-14T22:08:51+00:00\" \/>\n<meta name=\"author\" content=\"admin\" \/>\n<meta name=\"twitter:card\" content=\"summary_large_image\" \/>\n<meta name=\"twitter:image\" content=\"https:\/\/www.imdhd.org\/dignificando-la-memoria\/wp-content\/uploads\/2021\/07\/banner-testimonios.svg\" \/>\n<meta name=\"twitter:label1\" content=\"Escrito por\" \/>\n\t<meta name=\"twitter:data1\" content=\"admin\" \/>\n\t<meta name=\"twitter:label2\" content=\"Tiempo de lectura\" \/>\n\t<meta name=\"twitter:data2\" content=\"2 minutos\" \/>\n<script type=\"application\/ld+json\" class=\"yoast-schema-graph\">{\"@context\":\"https:\/\/schema.org\",\"@graph\":[{\"@type\":\"Article\",\"@id\":\"https:\/\/www.imdhd.org\/dignificando-la-memoria\/memorias\/roberto-cordoba-ruiz\/#article\",\"isPartOf\":{\"@id\":\"https:\/\/www.imdhd.org\/dignificando-la-memoria\/memorias\/roberto-cordoba-ruiz\/\"},\"author\":{\"name\":\"admin\",\"@id\":\"http:\/\/www.imdhd.org\/dignificando-la-memoria\/#\/schema\/person\/fc1a5e3d6a3e4277042ef4db3a951d0b\"},\"headline\":\"Roberto C\u00f3rdoba Ruiz\",\"datePublished\":\"2022-03-30T01:46:36+00:00\",\"dateModified\":\"2022-06-14T22:08:51+00:00\",\"mainEntityOfPage\":{\"@id\":\"https:\/\/www.imdhd.org\/dignificando-la-memoria\/memorias\/roberto-cordoba-ruiz\/\"},\"wordCount\":45,\"publisher\":{\"@id\":\"http:\/\/www.imdhd.org\/dignificando-la-memoria\/#organization\"},\"articleSection\":[\"Memorias\",\"Otros estados\"],\"inLanguage\":\"es\"},{\"@type\":\"WebPage\",\"@id\":\"https:\/\/www.imdhd.org\/dignificando-la-memoria\/memorias\/roberto-cordoba-ruiz\/\",\"url\":\"https:\/\/www.imdhd.org\/dignificando-la-memoria\/memorias\/roberto-cordoba-ruiz\/\",\"name\":\"Roberto C\u00f3rdoba Ruiz - Dignificando la Memoria\",\"isPartOf\":{\"@id\":\"http:\/\/www.imdhd.org\/dignificando-la-memoria\/#website\"},\"datePublished\":\"2022-03-30T01:46:36+00:00\",\"dateModified\":\"2022-06-14T22:08:51+00:00\",\"breadcrumb\":{\"@id\":\"https:\/\/www.imdhd.org\/dignificando-la-memoria\/memorias\/roberto-cordoba-ruiz\/#breadcrumb\"},\"inLanguage\":\"es\",\"potentialAction\":[{\"@type\":\"ReadAction\",\"target\":[\"https:\/\/www.imdhd.org\/dignificando-la-memoria\/memorias\/roberto-cordoba-ruiz\/\"]}]},{\"@type\":\"BreadcrumbList\",\"@id\":\"https:\/\/www.imdhd.org\/dignificando-la-memoria\/memorias\/roberto-cordoba-ruiz\/#breadcrumb\",\"itemListElement\":[{\"@type\":\"ListItem\",\"position\":1,\"name\":\"Portada\",\"item\":\"http:\/\/www.imdhd.org\/dignificando-la-memoria\/\"},{\"@type\":\"ListItem\",\"position\":2,\"name\":\"Roberto C\u00f3rdoba Ruiz\"}]},{\"@type\":\"WebSite\",\"@id\":\"http:\/\/www.imdhd.org\/dignificando-la-memoria\/#website\",\"url\":\"http:\/\/www.imdhd.org\/dignificando-la-memoria\/\",\"name\":\"Dignificando la Memoria\",\"description\":\"Un proyecto que rescata y dignifica la memoria de las personas desaparecidas en M&eacute;xico\",\"publisher\":{\"@id\":\"http:\/\/www.imdhd.org\/dignificando-la-memoria\/#organization\"},\"potentialAction\":[{\"@type\":\"SearchAction\",\"target\":{\"@type\":\"EntryPoint\",\"urlTemplate\":\"http:\/\/www.imdhd.org\/dignificando-la-memoria\/?s={search_term_string}\"},\"query-input\":\"required name=search_term_string\"}],\"inLanguage\":\"es\"},{\"@type\":\"Organization\",\"@id\":\"http:\/\/www.imdhd.org\/dignificando-la-memoria\/#organization\",\"name\":\"Dignificando la Memoria\",\"url\":\"http:\/\/www.imdhd.org\/dignificando-la-memoria\/\",\"logo\":{\"@type\":\"ImageObject\",\"inLanguage\":\"es\",\"@id\":\"http:\/\/www.imdhd.org\/dignificando-la-memoria\/#\/schema\/logo\/image\/\",\"url\":\"https:\/\/www.imdhd.org\/dignificando-la-memoria\/wp-content\/uploads\/2021\/07\/id-dignificando-1.svg\",\"contentUrl\":\"https:\/\/www.imdhd.org\/dignificando-la-memoria\/wp-content\/uploads\/2021\/07\/id-dignificando-1.svg\",\"caption\":\"Dignificando la Memoria\"},\"image\":{\"@id\":\"http:\/\/www.imdhd.org\/dignificando-la-memoria\/#\/schema\/logo\/image\/\"}},{\"@type\":\"Person\",\"@id\":\"http:\/\/www.imdhd.org\/dignificando-la-memoria\/#\/schema\/person\/fc1a5e3d6a3e4277042ef4db3a951d0b\",\"name\":\"admin\",\"image\":{\"@type\":\"ImageObject\",\"inLanguage\":\"es\",\"@id\":\"http:\/\/www.imdhd.org\/dignificando-la-memoria\/#\/schema\/person\/image\/\",\"url\":\"https:\/\/secure.gravatar.com\/avatar\/12fe34de4959513a90310b36a309d41a2f2e8c9dec80cb6efa358434d27149fb?s=96&d=mm&r=g\",\"contentUrl\":\"https:\/\/secure.gravatar.com\/avatar\/12fe34de4959513a90310b36a309d41a2f2e8c9dec80cb6efa358434d27149fb?s=96&d=mm&r=g\",\"caption\":\"admin\"},\"sameAs\":[\"https:\/\/www.imdhd.org\/dignificando-la-memoria\"],\"url\":\"https:\/\/www.imdhd.org\/dignificando-la-memoria\/author\/admin\/\"}]}<\/script>\n<!-- \/ Yoast SEO plugin. -->","yoast_head_json":{"title":"Roberto C\u00f3rdoba Ruiz - Dignificando la Memoria","robots":{"index":"index","follow":"follow","max-snippet":"max-snippet:-1","max-image-preview":"max-image-preview:large","max-video-preview":"max-video-preview:-1"},"canonical":"https:\/\/www.imdhd.org\/dignificando-la-memoria\/memorias\/roberto-cordoba-ruiz\/","og_locale":"es_ES","og_type":"article","og_title":"Roberto C\u00f3rdoba Ruiz - Dignificando la Memoria","og_description":"Lo que haya pasado, lo que hayas tenido que hacer, no me importa. S\u00f3lo quiero poder volver a verte. Siempre ser\u00e1s mi hijo y siempre te querr\u00e9. Mina, mam\u00e1 de Roberto C\u00f3rdoba Ruiz","og_url":"https:\/\/www.imdhd.org\/dignificando-la-memoria\/memorias\/roberto-cordoba-ruiz\/","og_site_name":"Dignificando la Memoria","article_published_time":"2022-03-30T01:46:36+00:00","article_modified_time":"2022-06-14T22:08:51+00:00","author":"admin","twitter_card":"summary_large_image","twitter_image":"https:\/\/www.imdhd.org\/dignificando-la-memoria\/wp-content\/uploads\/2021\/07\/banner-testimonios.svg","twitter_misc":{"Escrito por":"admin","Tiempo de lectura":"2 minutos"},"schema":{"@context":"https:\/\/schema.org","@graph":[{"@type":"Article","@id":"https:\/\/www.imdhd.org\/dignificando-la-memoria\/memorias\/roberto-cordoba-ruiz\/#article","isPartOf":{"@id":"https:\/\/www.imdhd.org\/dignificando-la-memoria\/memorias\/roberto-cordoba-ruiz\/"},"author":{"name":"admin","@id":"http:\/\/www.imdhd.org\/dignificando-la-memoria\/#\/schema\/person\/fc1a5e3d6a3e4277042ef4db3a951d0b"},"headline":"Roberto C\u00f3rdoba Ruiz","datePublished":"2022-03-30T01:46:36+00:00","dateModified":"2022-06-14T22:08:51+00:00","mainEntityOfPage":{"@id":"https:\/\/www.imdhd.org\/dignificando-la-memoria\/memorias\/roberto-cordoba-ruiz\/"},"wordCount":45,"publisher":{"@id":"http:\/\/www.imdhd.org\/dignificando-la-memoria\/#organization"},"articleSection":["Memorias","Otros estados"],"inLanguage":"es"},{"@type":"WebPage","@id":"https:\/\/www.imdhd.org\/dignificando-la-memoria\/memorias\/roberto-cordoba-ruiz\/","url":"https:\/\/www.imdhd.org\/dignificando-la-memoria\/memorias\/roberto-cordoba-ruiz\/","name":"Roberto C\u00f3rdoba Ruiz - Dignificando la Memoria","isPartOf":{"@id":"http:\/\/www.imdhd.org\/dignificando-la-memoria\/#website"},"datePublished":"2022-03-30T01:46:36+00:00","dateModified":"2022-06-14T22:08:51+00:00","breadcrumb":{"@id":"https:\/\/www.imdhd.org\/dignificando-la-memoria\/memorias\/roberto-cordoba-ruiz\/#breadcrumb"},"inLanguage":"es","potentialAction":[{"@type":"ReadAction","target":["https:\/\/www.imdhd.org\/dignificando-la-memoria\/memorias\/roberto-cordoba-ruiz\/"]}]},{"@type":"BreadcrumbList","@id":"https:\/\/www.imdhd.org\/dignificando-la-memoria\/memorias\/roberto-cordoba-ruiz\/#breadcrumb","itemListElement":[{"@type":"ListItem","position":1,"name":"Portada","item":"http:\/\/www.imdhd.org\/dignificando-la-memoria\/"},{"@type":"ListItem","position":2,"name":"Roberto C\u00f3rdoba Ruiz"}]},{"@type":"WebSite","@id":"http:\/\/www.imdhd.org\/dignificando-la-memoria\/#website","url":"http:\/\/www.imdhd.org\/dignificando-la-memoria\/","name":"Dignificando la Memoria","description":"Un proyecto que rescata y dignifica la memoria de las personas desaparecidas en M&eacute;xico","publisher":{"@id":"http:\/\/www.imdhd.org\/dignificando-la-memoria\/#organization"},"potentialAction":[{"@type":"SearchAction","target":{"@type":"EntryPoint","urlTemplate":"http:\/\/www.imdhd.org\/dignificando-la-memoria\/?s={search_term_string}"},"query-input":"required name=search_term_string"}],"inLanguage":"es"},{"@type":"Organization","@id":"http:\/\/www.imdhd.org\/dignificando-la-memoria\/#organization","name":"Dignificando la Memoria","url":"http:\/\/www.imdhd.org\/dignificando-la-memoria\/","logo":{"@type":"ImageObject","inLanguage":"es","@id":"http:\/\/www.imdhd.org\/dignificando-la-memoria\/#\/schema\/logo\/image\/","url":"https:\/\/www.imdhd.org\/dignificando-la-memoria\/wp-content\/uploads\/2021\/07\/id-dignificando-1.svg","contentUrl":"https:\/\/www.imdhd.org\/dignificando-la-memoria\/wp-content\/uploads\/2021\/07\/id-dignificando-1.svg","caption":"Dignificando la Memoria"},"image":{"@id":"http:\/\/www.imdhd.org\/dignificando-la-memoria\/#\/schema\/logo\/image\/"}},{"@type":"Person","@id":"http:\/\/www.imdhd.org\/dignificando-la-memoria\/#\/schema\/person\/fc1a5e3d6a3e4277042ef4db3a951d0b","name":"admin","image":{"@type":"ImageObject","inLanguage":"es","@id":"http:\/\/www.imdhd.org\/dignificando-la-memoria\/#\/schema\/person\/image\/","url":"https:\/\/secure.gravatar.com\/avatar\/12fe34de4959513a90310b36a309d41a2f2e8c9dec80cb6efa358434d27149fb?s=96&d=mm&r=g","contentUrl":"https:\/\/secure.gravatar.com\/avatar\/12fe34de4959513a90310b36a309d41a2f2e8c9dec80cb6efa358434d27149fb?s=96&d=mm&r=g","caption":"admin"},"sameAs":["https:\/\/www.imdhd.org\/dignificando-la-memoria"],"url":"https:\/\/www.imdhd.org\/dignificando-la-memoria\/author\/admin\/"}]}},"_links":{"self":[{"href":"https:\/\/www.imdhd.org\/dignificando-la-memoria\/wp-json\/wp\/v2\/posts\/1879","targetHints":{"allow":["GET"]}}],"collection":[{"href":"https:\/\/www.imdhd.org\/dignificando-la-memoria\/wp-json\/wp\/v2\/posts"}],"about":[{"href":"https:\/\/www.imdhd.org\/dignificando-la-memoria\/wp-json\/wp\/v2\/types\/post"}],"author":[{"embeddable":true,"href":"https:\/\/www.imdhd.org\/dignificando-la-memoria\/wp-json\/wp\/v2\/users\/1"}],"replies":[{"embeddable":true,"href":"https:\/\/www.imdhd.org\/dignificando-la-memoria\/wp-json\/wp\/v2\/comments?post=1879"}],"version-history":[{"count":13,"href":"https:\/\/www.imdhd.org\/dignificando-la-memoria\/wp-json\/wp\/v2\/posts\/1879\/revisions"}],"predecessor-version":[{"id":2484,"href":"https:\/\/www.imdhd.org\/dignificando-la-memoria\/wp-json\/wp\/v2\/posts\/1879\/revisions\/2484"}],"wp:featuredmedia":[{"embeddable":true,"href":"https:\/\/www.imdhd.org\/dignificando-la-memoria\/wp-json\/wp\/v2\/media\/90"}],"wp:attachment":[{"href":"https:\/\/www.imdhd.org\/dignificando-la-memoria\/wp-json\/wp\/v2\/media?parent=1879"}],"wp:term":[{"taxonomy":"category","embeddable":true,"href":"https:\/\/www.imdhd.org\/dignificando-la-memoria\/wp-json\/wp\/v2\/categories?post=1879"},{"taxonomy":"post_tag","embeddable":true,"href":"https:\/\/www.imdhd.org\/dignificando-la-memoria\/wp-json\/wp\/v2\/tags?post=1879"}],"curies":[{"name":"wp","href":"https:\/\/api.w.org\/{rel}","templated":true}]}}