{"id":1908,"date":"2022-03-30T02:11:00","date_gmt":"2022-03-30T02:11:00","guid":{"rendered":"https:\/\/www.imdhd.org\/dignificando-la-memoria\/?p=1908"},"modified":"2022-06-14T22:05:43","modified_gmt":"2022-06-14T22:05:43","slug":"edgar-ricardo-mendoza-ramirez","status":"publish","type":"post","link":"https:\/\/www.imdhd.org\/dignificando-la-memoria\/memorias\/memorias-veracruz\/edgar-ricardo-mendoza-ramirez\/","title":{"rendered":"Edgar Ricardo Mendoza Ram\u00edrez"},"content":{"rendered":"\n<figure class=\"wp-block-embed alignfull is-type-video is-provider-youtube wp-block-embed-youtube wp-embed-aspect-16-9 wp-has-aspect-ratio\"><div class=\"wp-block-embed__wrapper\">\n<iframe loading=\"lazy\" title=\"411. Familia Mendoza - Edgar\" width=\"500\" height=\"281\" src=\"https:\/\/www.youtube.com\/embed\/l4dotmE4PCg?feature=oembed\" frameborder=\"0\" allow=\"accelerometer; autoplay; clipboard-write; encrypted-media; gyroscope; picture-in-picture; web-share\" referrerpolicy=\"strict-origin-when-cross-origin\" allowfullscreen><\/iframe>\n<\/div><\/figure>\n\n\n\n<blockquote class=\"wp-block-quote is-layout-flow wp-block-quote-is-layout-flow\"><p>\u00c9l es mendoza, yo siempre le dije Mendoza porque todos le dec\u00edan wero o Ricardo, y yo dec\u00eda que \u00e9l es tan tan especial para mi que el ten\u00eda que tener un toque especial. Adem\u00e1s, pod\u00eda ser el gordo y para mi su apellido Mendoza tiene un grando poder\u2026 Y me siento muy respalda por \u00e9l. Lo conoc\u00ed cuando ten\u00eda 20 a\u00f1os, duramos caso dos a\u00f1os de novios.<\/p><\/blockquote>\n\n\n\n<figure class=\"wp-block-gallery has-nested-images columns-default is-cropped wp-block-gallery-1 is-layout-flex wp-block-gallery-is-layout-flex\">\n<figure class=\"wp-block-image size-large\"><a href=\"https:\/\/www.imdhd.org\/dignificando-la-memoria\/wp-content\/uploads\/2022\/03\/3-te-extranamos.jpg\"><img loading=\"lazy\" decoding=\"async\" width=\"800\" height=\"1160\" data-id=\"2131\" src=\"http:\/\/www.imdhd.org\/dignificando-la-memoria\/wp-content\/uploads\/2022\/03\/3-te-extranamos.jpg\" alt=\"\" class=\"wp-image-2131\" srcset=\"https:\/\/www.imdhd.org\/dignificando-la-memoria\/wp-content\/uploads\/2022\/03\/3-te-extranamos.jpg 800w, https:\/\/www.imdhd.org\/dignificando-la-memoria\/wp-content\/uploads\/2022\/03\/3-te-extranamos-207x300.jpg 207w, https:\/\/www.imdhd.org\/dignificando-la-memoria\/wp-content\/uploads\/2022\/03\/3-te-extranamos-706x1024.jpg 706w, https:\/\/www.imdhd.org\/dignificando-la-memoria\/wp-content\/uploads\/2022\/03\/3-te-extranamos-768x1114.jpg 768w\" sizes=\"auto, (max-width: 800px) 100vw, 800px\" \/><\/a><\/figure>\n\n\n\n<figure class=\"wp-block-image size-large\"><a href=\"https:\/\/www.imdhd.org\/dignificando-la-memoria\/wp-content\/uploads\/2022\/03\/familia-2-edgar.jpg\"><img loading=\"lazy\" decoding=\"async\" width=\"1200\" height=\"869\" data-id=\"2133\" src=\"http:\/\/www.imdhd.org\/dignificando-la-memoria\/wp-content\/uploads\/2022\/03\/familia-2-edgar.jpg\" alt=\"\" class=\"wp-image-2133\" srcset=\"https:\/\/www.imdhd.org\/dignificando-la-memoria\/wp-content\/uploads\/2022\/03\/familia-2-edgar.jpg 1200w, https:\/\/www.imdhd.org\/dignificando-la-memoria\/wp-content\/uploads\/2022\/03\/familia-2-edgar-300x217.jpg 300w, https:\/\/www.imdhd.org\/dignificando-la-memoria\/wp-content\/uploads\/2022\/03\/familia-2-edgar-1024x742.jpg 1024w, https:\/\/www.imdhd.org\/dignificando-la-memoria\/wp-content\/uploads\/2022\/03\/familia-2-edgar-768x556.jpg 768w\" sizes=\"auto, (max-width: 1200px) 100vw, 1200px\" \/><\/a><\/figure>\n\n\n\n<figure class=\"wp-block-image size-large\"><a href=\"https:\/\/www.imdhd.org\/dignificando-la-memoria\/wp-content\/uploads\/2022\/03\/familia-edgar.jpg\"><img loading=\"lazy\" decoding=\"async\" width=\"785\" height=\"775\" data-id=\"2134\" src=\"http:\/\/www.imdhd.org\/dignificando-la-memoria\/wp-content\/uploads\/2022\/03\/familia-edgar.jpg\" alt=\"\" class=\"wp-image-2134\" srcset=\"https:\/\/www.imdhd.org\/dignificando-la-memoria\/wp-content\/uploads\/2022\/03\/familia-edgar.jpg 785w, https:\/\/www.imdhd.org\/dignificando-la-memoria\/wp-content\/uploads\/2022\/03\/familia-edgar-300x296.jpg 300w, https:\/\/www.imdhd.org\/dignificando-la-memoria\/wp-content\/uploads\/2022\/03\/familia-edgar-768x758.jpg 768w\" sizes=\"auto, (max-width: 785px) 100vw, 785px\" \/><\/a><\/figure>\n\n\n\n<figure class=\"wp-block-image size-large\"><a href=\"https:\/\/www.imdhd.org\/dignificando-la-memoria\/wp-content\/uploads\/2022\/03\/cartel-edgar.jpg\"><img loading=\"lazy\" decoding=\"async\" width=\"1300\" height=\"482\" data-id=\"2132\" src=\"http:\/\/www.imdhd.org\/dignificando-la-memoria\/wp-content\/uploads\/2022\/03\/cartel-edgar.jpg\" alt=\"\" class=\"wp-image-2132\" srcset=\"https:\/\/www.imdhd.org\/dignificando-la-memoria\/wp-content\/uploads\/2022\/03\/cartel-edgar.jpg 1300w, https:\/\/www.imdhd.org\/dignificando-la-memoria\/wp-content\/uploads\/2022\/03\/cartel-edgar-300x111.jpg 300w, https:\/\/www.imdhd.org\/dignificando-la-memoria\/wp-content\/uploads\/2022\/03\/cartel-edgar-1024x380.jpg 1024w, https:\/\/www.imdhd.org\/dignificando-la-memoria\/wp-content\/uploads\/2022\/03\/cartel-edgar-768x285.jpg 768w\" sizes=\"auto, (max-width: 1300px) 100vw, 1300px\" \/><\/a><\/figure>\n<\/figure>\n\n\n\n<blockquote class=\"wp-block-quote has-text-align-left has-medium-font-size is-layout-flow wp-block-quote-is-layout-flow\"><p>Yo lo recuerdo diario, aunque sea s\u00f3lo pensar en \u00e9l o si veo alguna cosa que le gustaba o escuchando una canci\u00f3n que le gustaba. En muchas cosas lo recuerdo<\/p><cite>Hijas de Edgar Ricardo Mendoza Ram\u00edrez<\/cite><\/blockquote>\n\n\n\n<div class=\"wp-block-cover alignfull is-light has-custom-content-position is-position-top-left\" style=\"padding-top:5.4vw;padding-right:58%;padding-bottom:6vw;padding-left:6vw\"><span aria-hidden=\"true\" class=\"wp-block-cover__background has-blanco-background-color has-background-dim-30 has-background-dim\"><\/span><img loading=\"lazy\" decoding=\"async\" width=\"2245\" height=\"1054\" class=\"wp-block-cover__image-background wp-image-2143\" alt=\"\" src=\"http:\/\/www.imdhd.org\/dignificando-la-memoria\/wp-content\/uploads\/2022\/03\/colibri.jpg\" style=\"object-position:52% 58%\" data-object-fit=\"cover\" data-object-position=\"52% 58%\" srcset=\"https:\/\/www.imdhd.org\/dignificando-la-memoria\/wp-content\/uploads\/2022\/03\/colibri.jpg 2245w, https:\/\/www.imdhd.org\/dignificando-la-memoria\/wp-content\/uploads\/2022\/03\/colibri-300x141.jpg 300w, https:\/\/www.imdhd.org\/dignificando-la-memoria\/wp-content\/uploads\/2022\/03\/colibri-1024x481.jpg 1024w, https:\/\/www.imdhd.org\/dignificando-la-memoria\/wp-content\/uploads\/2022\/03\/colibri-768x361.jpg 768w, https:\/\/www.imdhd.org\/dignificando-la-memoria\/wp-content\/uploads\/2022\/03\/colibri-1536x721.jpg 1536w, https:\/\/www.imdhd.org\/dignificando-la-memoria\/wp-content\/uploads\/2022\/03\/colibri-2048x962.jpg 2048w, https:\/\/www.imdhd.org\/dignificando-la-memoria\/wp-content\/uploads\/2022\/03\/colibri-1568x736.jpg 1568w\" sizes=\"auto, (max-width: 2245px) 100vw, 2245px\" \/><div class=\"wp-block-cover__inner-container is-layout-flow wp-block-cover-is-layout-flow\">\n<blockquote class=\"wp-block-quote has-medium-font-size is-layout-flow wp-block-quote-is-layout-flow\" style=\"font-style:normal;font-weight:900;color:#5f1d5f\"><p><strong>Cuenta la leyenda que si te encuentras un colibr\u00ed, es un ser querido que viene a darte un mensaje<\/strong><\/p><cite>Hija mayor de Edgar Ricardo<\/cite><\/blockquote>\n<\/div><\/div>\n\n\n\n<div class=\"wp-block-columns alignwide is-layout-flex wp-container-core-columns-is-layout-9d6595d7 wp-block-columns-is-layout-flex\">\n<div class=\"wp-block-column is-layout-flow wp-block-column-is-layout-flow\">\n<figure class=\"wp-block-gallery has-nested-images columns-3 is-cropped wp-block-gallery-2 is-layout-flex wp-block-gallery-is-layout-flex\">\n<figure class=\"wp-block-image size-large\"><a href=\"https:\/\/www.imdhd.org\/dignificando-la-memoria\/wp-content\/uploads\/2022\/03\/mendoza-nino-3.jpg\"><img loading=\"lazy\" decoding=\"async\" width=\"720\" height=\"960\" data-id=\"2155\" src=\"http:\/\/www.imdhd.org\/dignificando-la-memoria\/wp-content\/uploads\/2022\/03\/mendoza-nino-3.jpg\" alt=\"\" class=\"wp-image-2155\" srcset=\"https:\/\/www.imdhd.org\/dignificando-la-memoria\/wp-content\/uploads\/2022\/03\/mendoza-nino-3.jpg 720w, https:\/\/www.imdhd.org\/dignificando-la-memoria\/wp-content\/uploads\/2022\/03\/mendoza-nino-3-225x300.jpg 225w\" sizes=\"auto, (max-width: 720px) 100vw, 720px\" \/><\/a><\/figure>\n\n\n\n<figure class=\"wp-block-image size-large\"><a href=\"https:\/\/www.imdhd.org\/dignificando-la-memoria\/wp-content\/uploads\/2022\/03\/mendoza-nino-2.jpg\"><img loading=\"lazy\" decoding=\"async\" width=\"720\" height=\"1280\" data-id=\"2154\" src=\"http:\/\/www.imdhd.org\/dignificando-la-memoria\/wp-content\/uploads\/2022\/03\/mendoza-nino-2.jpg\" alt=\"\" class=\"wp-image-2154\" srcset=\"https:\/\/www.imdhd.org\/dignificando-la-memoria\/wp-content\/uploads\/2022\/03\/mendoza-nino-2.jpg 720w, https:\/\/www.imdhd.org\/dignificando-la-memoria\/wp-content\/uploads\/2022\/03\/mendoza-nino-2-169x300.jpg 169w, https:\/\/www.imdhd.org\/dignificando-la-memoria\/wp-content\/uploads\/2022\/03\/mendoza-nino-2-576x1024.jpg 576w\" sizes=\"auto, (max-width: 720px) 100vw, 720px\" \/><\/a><\/figure>\n\n\n\n<figure class=\"wp-block-image size-large\"><a href=\"https:\/\/www.imdhd.org\/dignificando-la-memoria\/wp-content\/uploads\/2022\/03\/mendoza-nino.jpg\"><img loading=\"lazy\" decoding=\"async\" width=\"1280\" height=\"814\" data-id=\"2156\" src=\"http:\/\/www.imdhd.org\/dignificando-la-memoria\/wp-content\/uploads\/2022\/03\/mendoza-nino.jpg\" alt=\"\" class=\"wp-image-2156\" srcset=\"https:\/\/www.imdhd.org\/dignificando-la-memoria\/wp-content\/uploads\/2022\/03\/mendoza-nino.jpg 1280w, https:\/\/www.imdhd.org\/dignificando-la-memoria\/wp-content\/uploads\/2022\/03\/mendoza-nino-300x191.jpg 300w, https:\/\/www.imdhd.org\/dignificando-la-memoria\/wp-content\/uploads\/2022\/03\/mendoza-nino-1024x651.jpg 1024w, https:\/\/www.imdhd.org\/dignificando-la-memoria\/wp-content\/uploads\/2022\/03\/mendoza-nino-768x488.jpg 768w\" sizes=\"auto, (max-width: 1280px) 100vw, 1280px\" \/><\/a><\/figure>\n<\/figure>\n<\/div>\n\n\n\n<div class=\"wp-block-column is-layout-flow wp-block-column-is-layout-flow\" style=\"flex-basis:30%\">\n<blockquote class=\"wp-block-quote is-layout-flow wp-block-quote-is-layout-flow\"><p>Un hijo es parte de tu vida. es como si te arrancaran una mano, un pedazo de tu coraz\u00f3n. Y no est\u00e1s completo. <\/p><cite>Mam\u00e1 de Mendoza<\/cite><\/blockquote>\n<\/div>\n<\/div>\n\n\n\n<div class=\"wp-block-columns alignwide is-layout-flex wp-container-core-columns-is-layout-9d6595d7 wp-block-columns-is-layout-flex\">\n<div class=\"wp-block-column is-layout-flow wp-block-column-is-layout-flow\">\n<blockquote class=\"wp-block-quote is-layout-flow wp-block-quote-is-layout-flow\"><p>A Mendoza le gusta mucho vestir con gorra, con tennis. Siempre trae gorra y su chaleco porque los brazos dice que le da calor y le suda, entonces por eso usa chalecos porque dice que as\u00ed ya no tiene fr\u00edo<\/p><\/blockquote>\n<\/div>\n\n\n\n<div class=\"wp-block-column is-layout-flow wp-block-column-is-layout-flow\" style=\"flex-basis:70%\">\n<figure class=\"wp-block-gallery has-nested-images columns-3 is-cropped wp-block-gallery-3 is-layout-flex wp-block-gallery-is-layout-flex\">\n<figure class=\"wp-block-image size-large\"><a href=\"https:\/\/www.imdhd.org\/dignificando-la-memoria\/wp-content\/uploads\/2022\/03\/ropa-mendoza-1.jpg\"><img loading=\"lazy\" decoding=\"async\" width=\"815\" height=\"1024\" data-id=\"2199\" src=\"http:\/\/www.imdhd.org\/dignificando-la-memoria\/wp-content\/uploads\/2022\/03\/ropa-mendoza-1.jpg\" alt=\"\" class=\"wp-image-2199\" srcset=\"https:\/\/www.imdhd.org\/dignificando-la-memoria\/wp-content\/uploads\/2022\/03\/ropa-mendoza-1.jpg 815w, https:\/\/www.imdhd.org\/dignificando-la-memoria\/wp-content\/uploads\/2022\/03\/ropa-mendoza-1-239x300.jpg 239w, https:\/\/www.imdhd.org\/dignificando-la-memoria\/wp-content\/uploads\/2022\/03\/ropa-mendoza-1-768x965.jpg 768w\" sizes=\"auto, (max-width: 815px) 100vw, 815px\" \/><\/a><\/figure>\n\n\n\n<figure class=\"wp-block-image size-large\"><a href=\"https:\/\/www.imdhd.org\/dignificando-la-memoria\/wp-content\/uploads\/2022\/03\/ropa-mendoza-2.jpg\"><img loading=\"lazy\" decoding=\"async\" width=\"847\" height=\"1024\" data-id=\"2200\" src=\"http:\/\/www.imdhd.org\/dignificando-la-memoria\/wp-content\/uploads\/2022\/03\/ropa-mendoza-2.jpg\" alt=\"\" class=\"wp-image-2200\" srcset=\"https:\/\/www.imdhd.org\/dignificando-la-memoria\/wp-content\/uploads\/2022\/03\/ropa-mendoza-2.jpg 847w, https:\/\/www.imdhd.org\/dignificando-la-memoria\/wp-content\/uploads\/2022\/03\/ropa-mendoza-2-248x300.jpg 248w, https:\/\/www.imdhd.org\/dignificando-la-memoria\/wp-content\/uploads\/2022\/03\/ropa-mendoza-2-768x928.jpg 768w\" sizes=\"auto, (max-width: 847px) 100vw, 847px\" \/><\/a><\/figure>\n\n\n\n<figure class=\"wp-block-image size-large\"><a href=\"https:\/\/www.imdhd.org\/dignificando-la-memoria\/wp-content\/uploads\/2022\/03\/ropa-mendoza-3.jpg\"><img loading=\"lazy\" decoding=\"async\" width=\"768\" height=\"1024\" data-id=\"2201\" src=\"http:\/\/www.imdhd.org\/dignificando-la-memoria\/wp-content\/uploads\/2022\/03\/ropa-mendoza-3.jpg\" alt=\"\" class=\"wp-image-2201\" srcset=\"https:\/\/www.imdhd.org\/dignificando-la-memoria\/wp-content\/uploads\/2022\/03\/ropa-mendoza-3.jpg 768w, https:\/\/www.imdhd.org\/dignificando-la-memoria\/wp-content\/uploads\/2022\/03\/ropa-mendoza-3-225x300.jpg 225w\" sizes=\"auto, (max-width: 768px) 100vw, 768px\" \/><\/a><\/figure>\n<\/figure>\n<\/div>\n<\/div>\n\n\n\n<blockquote class=\"wp-block-quote has-medium-font-size is-layout-flow wp-block-quote-is-layout-flow\"><p>Es muy importante, sumamente importante recordarles porque son personas, ya por ese hecho es importante recordarles. Son personas que vinieron a dejar huella, su legado, unas ideas, una forma de aprender a vivir. Entonces s\u00ed, para m\u00ed es importante<\/p><cite>Maribel Mart\u00ednez<\/cite><\/blockquote>\n\n\n\n<figure class=\"wp-block-gallery alignfull has-nested-images columns-4 is-cropped wp-block-gallery-4 is-layout-flex wp-block-gallery-is-layout-flex\">\n<figure class=\"wp-block-image size-large\"><a href=\"https:\/\/www.imdhd.org\/dignificando-la-memoria\/wp-content\/uploads\/2022\/03\/endoza-mirada.jpg\"><img loading=\"lazy\" decoding=\"async\" width=\"1455\" height=\"970\" data-id=\"2167\" src=\"http:\/\/www.imdhd.org\/dignificando-la-memoria\/wp-content\/uploads\/2022\/03\/endoza-mirada.jpg\" alt=\"\" class=\"wp-image-2167\" srcset=\"https:\/\/www.imdhd.org\/dignificando-la-memoria\/wp-content\/uploads\/2022\/03\/endoza-mirada.jpg 1455w, https:\/\/www.imdhd.org\/dignificando-la-memoria\/wp-content\/uploads\/2022\/03\/endoza-mirada-300x200.jpg 300w, https:\/\/www.imdhd.org\/dignificando-la-memoria\/wp-content\/uploads\/2022\/03\/endoza-mirada-1024x683.jpg 1024w, https:\/\/www.imdhd.org\/dignificando-la-memoria\/wp-content\/uploads\/2022\/03\/endoza-mirada-768x512.jpg 768w\" sizes=\"auto, (max-width: 1455px) 100vw, 1455px\" \/><\/a><\/figure>\n\n\n\n<figure class=\"wp-block-image size-large\"><a href=\"https:\/\/www.imdhd.org\/dignificando-la-memoria\/wp-content\/uploads\/2022\/03\/mendoza-abrazo-2.jpg\"><img loading=\"lazy\" decoding=\"async\" width=\"1353\" height=\"954\" data-id=\"2168\" src=\"http:\/\/www.imdhd.org\/dignificando-la-memoria\/wp-content\/uploads\/2022\/03\/mendoza-abrazo-2.jpg\" alt=\"\" class=\"wp-image-2168\" srcset=\"https:\/\/www.imdhd.org\/dignificando-la-memoria\/wp-content\/uploads\/2022\/03\/mendoza-abrazo-2.jpg 1353w, https:\/\/www.imdhd.org\/dignificando-la-memoria\/wp-content\/uploads\/2022\/03\/mendoza-abrazo-2-300x212.jpg 300w, https:\/\/www.imdhd.org\/dignificando-la-memoria\/wp-content\/uploads\/2022\/03\/mendoza-abrazo-2-1024x722.jpg 1024w, https:\/\/www.imdhd.org\/dignificando-la-memoria\/wp-content\/uploads\/2022\/03\/mendoza-abrazo-2-768x542.jpg 768w\" sizes=\"auto, (max-width: 1353px) 100vw, 1353px\" \/><\/a><\/figure>\n\n\n\n<figure class=\"wp-block-image size-large\"><a href=\"https:\/\/www.imdhd.org\/dignificando-la-memoria\/wp-content\/uploads\/2022\/03\/mendoza-abrazo.jpg\"><img loading=\"lazy\" decoding=\"async\" width=\"1380\" height=\"982\" data-id=\"2169\" src=\"http:\/\/www.imdhd.org\/dignificando-la-memoria\/wp-content\/uploads\/2022\/03\/mendoza-abrazo.jpg\" alt=\"\" class=\"wp-image-2169\" srcset=\"https:\/\/www.imdhd.org\/dignificando-la-memoria\/wp-content\/uploads\/2022\/03\/mendoza-abrazo.jpg 1380w, https:\/\/www.imdhd.org\/dignificando-la-memoria\/wp-content\/uploads\/2022\/03\/mendoza-abrazo-300x213.jpg 300w, https:\/\/www.imdhd.org\/dignificando-la-memoria\/wp-content\/uploads\/2022\/03\/mendoza-abrazo-1024x729.jpg 1024w, https:\/\/www.imdhd.org\/dignificando-la-memoria\/wp-content\/uploads\/2022\/03\/mendoza-abrazo-768x547.jpg 768w\" sizes=\"auto, (max-width: 1380px) 100vw, 1380px\" \/><\/a><\/figure>\n\n\n\n<figure class=\"wp-block-image size-large has-lightbox\"><a href=\"https:\/\/www.imdhd.org\/dignificando-la-memoria\/wp-content\/uploads\/2022\/03\/mendoza-abuela.jpg\"><img loading=\"lazy\" decoding=\"async\" width=\"1321\" height=\"951\" data-id=\"2170\" src=\"http:\/\/www.imdhd.org\/dignificando-la-memoria\/wp-content\/uploads\/2022\/03\/mendoza-abuela.jpg\" alt=\"\" class=\"wp-image-2170\" srcset=\"https:\/\/www.imdhd.org\/dignificando-la-memoria\/wp-content\/uploads\/2022\/03\/mendoza-abuela.jpg 1321w, https:\/\/www.imdhd.org\/dignificando-la-memoria\/wp-content\/uploads\/2022\/03\/mendoza-abuela-300x216.jpg 300w, https:\/\/www.imdhd.org\/dignificando-la-memoria\/wp-content\/uploads\/2022\/03\/mendoza-abuela-1024x737.jpg 1024w, https:\/\/www.imdhd.org\/dignificando-la-memoria\/wp-content\/uploads\/2022\/03\/mendoza-abuela-768x553.jpg 768w\" sizes=\"auto, (max-width: 1321px) 100vw, 1321px\" \/><\/a><\/figure>\n\n\n\n<figure class=\"wp-block-image size-large\"><a href=\"https:\/\/www.imdhd.org\/dignificando-la-memoria\/wp-content\/uploads\/2022\/03\/mendoza-barney.jpg\"><img loading=\"lazy\" decoding=\"async\" width=\"1429\" height=\"984\" data-id=\"2171\" src=\"http:\/\/www.imdhd.org\/dignificando-la-memoria\/wp-content\/uploads\/2022\/03\/mendoza-barney.jpg\" alt=\"\" class=\"wp-image-2171\" srcset=\"https:\/\/www.imdhd.org\/dignificando-la-memoria\/wp-content\/uploads\/2022\/03\/mendoza-barney.jpg 1429w, https:\/\/www.imdhd.org\/dignificando-la-memoria\/wp-content\/uploads\/2022\/03\/mendoza-barney-300x207.jpg 300w, https:\/\/www.imdhd.org\/dignificando-la-memoria\/wp-content\/uploads\/2022\/03\/mendoza-barney-1024x705.jpg 1024w, https:\/\/www.imdhd.org\/dignificando-la-memoria\/wp-content\/uploads\/2022\/03\/mendoza-barney-768x529.jpg 768w\" sizes=\"auto, (max-width: 1429px) 100vw, 1429px\" \/><\/a><\/figure>\n\n\n\n<figure class=\"wp-block-image size-large\"><a href=\"https:\/\/www.imdhd.org\/dignificando-la-memoria\/wp-content\/uploads\/2022\/03\/mendoza-bebe.jpg\"><img loading=\"lazy\" decoding=\"async\" width=\"1450\" height=\"973\" data-id=\"2172\" src=\"http:\/\/www.imdhd.org\/dignificando-la-memoria\/wp-content\/uploads\/2022\/03\/mendoza-bebe.jpg\" alt=\"\" class=\"wp-image-2172\" srcset=\"https:\/\/www.imdhd.org\/dignificando-la-memoria\/wp-content\/uploads\/2022\/03\/mendoza-bebe.jpg 1450w, https:\/\/www.imdhd.org\/dignificando-la-memoria\/wp-content\/uploads\/2022\/03\/mendoza-bebe-300x201.jpg 300w, https:\/\/www.imdhd.org\/dignificando-la-memoria\/wp-content\/uploads\/2022\/03\/mendoza-bebe-1024x687.jpg 1024w, https:\/\/www.imdhd.org\/dignificando-la-memoria\/wp-content\/uploads\/2022\/03\/mendoza-bebe-768x515.jpg 768w\" sizes=\"auto, (max-width: 1450px) 100vw, 1450px\" \/><\/a><\/figure>\n\n\n\n<figure class=\"wp-block-image size-large\"><a href=\"https:\/\/www.imdhd.org\/dignificando-la-memoria\/wp-content\/uploads\/2022\/03\/mendoza-beso.jpg\"><img loading=\"lazy\" decoding=\"async\" width=\"1395\" height=\"1017\" data-id=\"2173\" src=\"http:\/\/www.imdhd.org\/dignificando-la-memoria\/wp-content\/uploads\/2022\/03\/mendoza-beso.jpg\" alt=\"\" class=\"wp-image-2173\" srcset=\"https:\/\/www.imdhd.org\/dignificando-la-memoria\/wp-content\/uploads\/2022\/03\/mendoza-beso.jpg 1395w, https:\/\/www.imdhd.org\/dignificando-la-memoria\/wp-content\/uploads\/2022\/03\/mendoza-beso-300x219.jpg 300w, https:\/\/www.imdhd.org\/dignificando-la-memoria\/wp-content\/uploads\/2022\/03\/mendoza-beso-1024x747.jpg 1024w, https:\/\/www.imdhd.org\/dignificando-la-memoria\/wp-content\/uploads\/2022\/03\/mendoza-beso-768x560.jpg 768w\" sizes=\"auto, (max-width: 1395px) 100vw, 1395px\" \/><\/a><\/figure>\n\n\n\n<figure class=\"wp-block-image size-large\"><a href=\"https:\/\/www.imdhd.org\/dignificando-la-memoria\/wp-content\/uploads\/2022\/03\/mendoza-cama.jpg\"><img loading=\"lazy\" decoding=\"async\" width=\"1442\" height=\"976\" data-id=\"2174\" src=\"http:\/\/www.imdhd.org\/dignificando-la-memoria\/wp-content\/uploads\/2022\/03\/mendoza-cama.jpg\" alt=\"\" class=\"wp-image-2174\" srcset=\"https:\/\/www.imdhd.org\/dignificando-la-memoria\/wp-content\/uploads\/2022\/03\/mendoza-cama.jpg 1442w, https:\/\/www.imdhd.org\/dignificando-la-memoria\/wp-content\/uploads\/2022\/03\/mendoza-cama-300x203.jpg 300w, https:\/\/www.imdhd.org\/dignificando-la-memoria\/wp-content\/uploads\/2022\/03\/mendoza-cama-1024x693.jpg 1024w, https:\/\/www.imdhd.org\/dignificando-la-memoria\/wp-content\/uploads\/2022\/03\/mendoza-cama-768x520.jpg 768w\" sizes=\"auto, (max-width: 1442px) 100vw, 1442px\" \/><\/a><\/figure>\n\n\n\n<figure class=\"wp-block-image size-large\"><a href=\"https:\/\/www.imdhd.org\/dignificando-la-memoria\/wp-content\/uploads\/2022\/03\/mendoza-caminata.jpg\"><img loading=\"lazy\" decoding=\"async\" width=\"1280\" height=\"960\" data-id=\"2175\" src=\"http:\/\/www.imdhd.org\/dignificando-la-memoria\/wp-content\/uploads\/2022\/03\/mendoza-caminata.jpg\" alt=\"\" class=\"wp-image-2175\" srcset=\"https:\/\/www.imdhd.org\/dignificando-la-memoria\/wp-content\/uploads\/2022\/03\/mendoza-caminata.jpg 1280w, https:\/\/www.imdhd.org\/dignificando-la-memoria\/wp-content\/uploads\/2022\/03\/mendoza-caminata-300x225.jpg 300w, https:\/\/www.imdhd.org\/dignificando-la-memoria\/wp-content\/uploads\/2022\/03\/mendoza-caminata-1024x768.jpg 1024w, https:\/\/www.imdhd.org\/dignificando-la-memoria\/wp-content\/uploads\/2022\/03\/mendoza-caminata-768x576.jpg 768w\" sizes=\"auto, (max-width: 1280px) 100vw, 1280px\" \/><\/a><\/figure>\n\n\n\n<figure class=\"wp-block-image size-large\"><a href=\"https:\/\/www.imdhd.org\/dignificando-la-memoria\/wp-content\/uploads\/2022\/03\/mendoza-cara.jpg\"><img loading=\"lazy\" decoding=\"async\" width=\"1446\" height=\"960\" data-id=\"2176\" src=\"http:\/\/www.imdhd.org\/dignificando-la-memoria\/wp-content\/uploads\/2022\/03\/mendoza-cara.jpg\" alt=\"\" class=\"wp-image-2176\" srcset=\"https:\/\/www.imdhd.org\/dignificando-la-memoria\/wp-content\/uploads\/2022\/03\/mendoza-cara.jpg 1446w, https:\/\/www.imdhd.org\/dignificando-la-memoria\/wp-content\/uploads\/2022\/03\/mendoza-cara-300x199.jpg 300w, https:\/\/www.imdhd.org\/dignificando-la-memoria\/wp-content\/uploads\/2022\/03\/mendoza-cara-1024x680.jpg 1024w, https:\/\/www.imdhd.org\/dignificando-la-memoria\/wp-content\/uploads\/2022\/03\/mendoza-cara-768x510.jpg 768w\" sizes=\"auto, (max-width: 1446px) 100vw, 1446px\" \/><\/a><\/figure>\n\n\n\n<figure class=\"wp-block-image size-large\"><a href=\"https:\/\/www.imdhd.org\/dignificando-la-memoria\/wp-content\/uploads\/2022\/03\/mendoza-cumple.jpg\"><img loading=\"lazy\" decoding=\"async\" width=\"1393\" height=\"1011\" data-id=\"2177\" src=\"http:\/\/www.imdhd.org\/dignificando-la-memoria\/wp-content\/uploads\/2022\/03\/mendoza-cumple.jpg\" alt=\"\" class=\"wp-image-2177\" srcset=\"https:\/\/www.imdhd.org\/dignificando-la-memoria\/wp-content\/uploads\/2022\/03\/mendoza-cumple.jpg 1393w, https:\/\/www.imdhd.org\/dignificando-la-memoria\/wp-content\/uploads\/2022\/03\/mendoza-cumple-300x218.jpg 300w, https:\/\/www.imdhd.org\/dignificando-la-memoria\/wp-content\/uploads\/2022\/03\/mendoza-cumple-1024x743.jpg 1024w, https:\/\/www.imdhd.org\/dignificando-la-memoria\/wp-content\/uploads\/2022\/03\/mendoza-cumple-768x557.jpg 768w\" sizes=\"auto, (max-width: 1393px) 100vw, 1393px\" \/><\/a><\/figure>\n\n\n\n<figure class=\"wp-block-image size-large\"><a href=\"https:\/\/www.imdhd.org\/dignificando-la-memoria\/wp-content\/uploads\/2022\/03\/mendoza-familia-2.jpg\"><img loading=\"lazy\" decoding=\"async\" width=\"1291\" height=\"953\" data-id=\"2178\" src=\"http:\/\/www.imdhd.org\/dignificando-la-memoria\/wp-content\/uploads\/2022\/03\/mendoza-familia-2.jpg\" alt=\"\" class=\"wp-image-2178\" srcset=\"https:\/\/www.imdhd.org\/dignificando-la-memoria\/wp-content\/uploads\/2022\/03\/mendoza-familia-2.jpg 1291w, https:\/\/www.imdhd.org\/dignificando-la-memoria\/wp-content\/uploads\/2022\/03\/mendoza-familia-2-300x221.jpg 300w, https:\/\/www.imdhd.org\/dignificando-la-memoria\/wp-content\/uploads\/2022\/03\/mendoza-familia-2-1024x756.jpg 1024w, https:\/\/www.imdhd.org\/dignificando-la-memoria\/wp-content\/uploads\/2022\/03\/mendoza-familia-2-768x567.jpg 768w\" sizes=\"auto, (max-width: 1291px) 100vw, 1291px\" \/><\/a><\/figure>\n\n\n\n<figure class=\"wp-block-image size-large\"><a href=\"https:\/\/www.imdhd.org\/dignificando-la-memoria\/wp-content\/uploads\/2022\/03\/mendoza-familia-3.jpg\"><img loading=\"lazy\" decoding=\"async\" width=\"1430\" height=\"953\" data-id=\"2179\" src=\"http:\/\/www.imdhd.org\/dignificando-la-memoria\/wp-content\/uploads\/2022\/03\/mendoza-familia-3.jpg\" alt=\"\" class=\"wp-image-2179\" srcset=\"https:\/\/www.imdhd.org\/dignificando-la-memoria\/wp-content\/uploads\/2022\/03\/mendoza-familia-3.jpg 1430w, https:\/\/www.imdhd.org\/dignificando-la-memoria\/wp-content\/uploads\/2022\/03\/mendoza-familia-3-300x200.jpg 300w, https:\/\/www.imdhd.org\/dignificando-la-memoria\/wp-content\/uploads\/2022\/03\/mendoza-familia-3-1024x682.jpg 1024w, https:\/\/www.imdhd.org\/dignificando-la-memoria\/wp-content\/uploads\/2022\/03\/mendoza-familia-3-768x512.jpg 768w\" sizes=\"auto, (max-width: 1430px) 100vw, 1430px\" \/><\/a><\/figure>\n\n\n\n<figure class=\"wp-block-image size-large\"><a href=\"https:\/\/www.imdhd.org\/dignificando-la-memoria\/wp-content\/uploads\/2022\/03\/mendoza-familia.jpg\"><img loading=\"lazy\" decoding=\"async\" width=\"1386\" height=\"1035\" data-id=\"2180\" src=\"http:\/\/www.imdhd.org\/dignificando-la-memoria\/wp-content\/uploads\/2022\/03\/mendoza-familia.jpg\" alt=\"\" class=\"wp-image-2180\" srcset=\"https:\/\/www.imdhd.org\/dignificando-la-memoria\/wp-content\/uploads\/2022\/03\/mendoza-familia.jpg 1386w, https:\/\/www.imdhd.org\/dignificando-la-memoria\/wp-content\/uploads\/2022\/03\/mendoza-familia-300x224.jpg 300w, https:\/\/www.imdhd.org\/dignificando-la-memoria\/wp-content\/uploads\/2022\/03\/mendoza-familia-1024x765.jpg 1024w, https:\/\/www.imdhd.org\/dignificando-la-memoria\/wp-content\/uploads\/2022\/03\/mendoza-familia-768x574.jpg 768w\" sizes=\"auto, (max-width: 1386px) 100vw, 1386px\" \/><\/a><\/figure>\n\n\n\n<figure class=\"wp-block-image size-large\"><a href=\"https:\/\/www.imdhd.org\/dignificando-la-memoria\/wp-content\/uploads\/2022\/03\/mendoza-goku.jpg\"><img loading=\"lazy\" decoding=\"async\" width=\"1372\" height=\"948\" data-id=\"2181\" src=\"http:\/\/www.imdhd.org\/dignificando-la-memoria\/wp-content\/uploads\/2022\/03\/mendoza-goku.jpg\" alt=\"\" class=\"wp-image-2181\" srcset=\"https:\/\/www.imdhd.org\/dignificando-la-memoria\/wp-content\/uploads\/2022\/03\/mendoza-goku.jpg 1372w, https:\/\/www.imdhd.org\/dignificando-la-memoria\/wp-content\/uploads\/2022\/03\/mendoza-goku-300x207.jpg 300w, https:\/\/www.imdhd.org\/dignificando-la-memoria\/wp-content\/uploads\/2022\/03\/mendoza-goku-1024x708.jpg 1024w, https:\/\/www.imdhd.org\/dignificando-la-memoria\/wp-content\/uploads\/2022\/03\/mendoza-goku-768x531.jpg 768w\" sizes=\"auto, (max-width: 1372px) 100vw, 1372px\" \/><\/a><\/figure>\n\n\n\n<figure class=\"wp-block-image size-large\"><a href=\"https:\/\/www.imdhd.org\/dignificando-la-memoria\/wp-content\/uploads\/2022\/03\/mendoza-hija-2.jpg\"><img loading=\"lazy\" decoding=\"async\" width=\"1441\" height=\"976\" data-id=\"2182\" src=\"http:\/\/www.imdhd.org\/dignificando-la-memoria\/wp-content\/uploads\/2022\/03\/mendoza-hija-2.jpg\" alt=\"\" class=\"wp-image-2182\" srcset=\"https:\/\/www.imdhd.org\/dignificando-la-memoria\/wp-content\/uploads\/2022\/03\/mendoza-hija-2.jpg 1441w, https:\/\/www.imdhd.org\/dignificando-la-memoria\/wp-content\/uploads\/2022\/03\/mendoza-hija-2-300x203.jpg 300w, https:\/\/www.imdhd.org\/dignificando-la-memoria\/wp-content\/uploads\/2022\/03\/mendoza-hija-2-1024x694.jpg 1024w, https:\/\/www.imdhd.org\/dignificando-la-memoria\/wp-content\/uploads\/2022\/03\/mendoza-hija-2-768x520.jpg 768w\" sizes=\"auto, (max-width: 1441px) 100vw, 1441px\" \/><\/a><\/figure>\n\n\n\n<figure class=\"wp-block-image size-large\"><a href=\"https:\/\/www.imdhd.org\/dignificando-la-memoria\/wp-content\/uploads\/2022\/03\/mendoza-hija.jpg\"><img loading=\"lazy\" decoding=\"async\" width=\"1040\" height=\"780\" data-id=\"2183\" src=\"http:\/\/www.imdhd.org\/dignificando-la-memoria\/wp-content\/uploads\/2022\/03\/mendoza-hija.jpg\" alt=\"\" class=\"wp-image-2183\" srcset=\"https:\/\/www.imdhd.org\/dignificando-la-memoria\/wp-content\/uploads\/2022\/03\/mendoza-hija.jpg 1040w, https:\/\/www.imdhd.org\/dignificando-la-memoria\/wp-content\/uploads\/2022\/03\/mendoza-hija-300x225.jpg 300w, https:\/\/www.imdhd.org\/dignificando-la-memoria\/wp-content\/uploads\/2022\/03\/mendoza-hija-1024x768.jpg 1024w, https:\/\/www.imdhd.org\/dignificando-la-memoria\/wp-content\/uploads\/2022\/03\/mendoza-hija-768x576.jpg 768w\" sizes=\"auto, (max-width: 1040px) 100vw, 1040px\" \/><\/a><\/figure>\n\n\n\n<figure class=\"wp-block-image size-large\"><a href=\"https:\/\/www.imdhd.org\/dignificando-la-memoria\/wp-content\/uploads\/2022\/03\/mendoza-playa.jpg\"><img loading=\"lazy\" decoding=\"async\" width=\"1411\" height=\"915\" data-id=\"2184\" src=\"http:\/\/www.imdhd.org\/dignificando-la-memoria\/wp-content\/uploads\/2022\/03\/mendoza-playa.jpg\" alt=\"\" class=\"wp-image-2184\" srcset=\"https:\/\/www.imdhd.org\/dignificando-la-memoria\/wp-content\/uploads\/2022\/03\/mendoza-playa.jpg 1411w, https:\/\/www.imdhd.org\/dignificando-la-memoria\/wp-content\/uploads\/2022\/03\/mendoza-playa-300x195.jpg 300w, https:\/\/www.imdhd.org\/dignificando-la-memoria\/wp-content\/uploads\/2022\/03\/mendoza-playa-1024x664.jpg 1024w, https:\/\/www.imdhd.org\/dignificando-la-memoria\/wp-content\/uploads\/2022\/03\/mendoza-playa-768x498.jpg 768w\" sizes=\"auto, (max-width: 1411px) 100vw, 1411px\" \/><\/a><\/figure>\n\n\n\n<figure class=\"wp-block-image size-large\"><a href=\"https:\/\/www.imdhd.org\/dignificando-la-memoria\/wp-content\/uploads\/2022\/03\/mendoza-sonriente-2.jpg\"><img loading=\"lazy\" decoding=\"async\" width=\"1443\" height=\"965\" data-id=\"2185\" src=\"http:\/\/www.imdhd.org\/dignificando-la-memoria\/wp-content\/uploads\/2022\/03\/mendoza-sonriente-2.jpg\" alt=\"\" class=\"wp-image-2185\" srcset=\"https:\/\/www.imdhd.org\/dignificando-la-memoria\/wp-content\/uploads\/2022\/03\/mendoza-sonriente-2.jpg 1443w, https:\/\/www.imdhd.org\/dignificando-la-memoria\/wp-content\/uploads\/2022\/03\/mendoza-sonriente-2-300x201.jpg 300w, https:\/\/www.imdhd.org\/dignificando-la-memoria\/wp-content\/uploads\/2022\/03\/mendoza-sonriente-2-1024x685.jpg 1024w, https:\/\/www.imdhd.org\/dignificando-la-memoria\/wp-content\/uploads\/2022\/03\/mendoza-sonriente-2-768x514.jpg 768w\" sizes=\"auto, (max-width: 1443px) 100vw, 1443px\" \/><\/a><\/figure>\n\n\n\n<figure class=\"wp-block-image size-large\"><a href=\"https:\/\/www.imdhd.org\/dignificando-la-memoria\/wp-content\/uploads\/2022\/03\/mendoza-sonriente.jpg\"><img loading=\"lazy\" decoding=\"async\" width=\"1488\" height=\"1023\" data-id=\"2186\" src=\"http:\/\/www.imdhd.org\/dignificando-la-memoria\/wp-content\/uploads\/2022\/03\/mendoza-sonriente.jpg\" alt=\"\" class=\"wp-image-2186\" srcset=\"https:\/\/www.imdhd.org\/dignificando-la-memoria\/wp-content\/uploads\/2022\/03\/mendoza-sonriente.jpg 1488w, https:\/\/www.imdhd.org\/dignificando-la-memoria\/wp-content\/uploads\/2022\/03\/mendoza-sonriente-300x206.jpg 300w, https:\/\/www.imdhd.org\/dignificando-la-memoria\/wp-content\/uploads\/2022\/03\/mendoza-sonriente-1024x704.jpg 1024w, https:\/\/www.imdhd.org\/dignificando-la-memoria\/wp-content\/uploads\/2022\/03\/mendoza-sonriente-768x528.jpg 768w\" sizes=\"auto, (max-width: 1488px) 100vw, 1488px\" \/><\/a><\/figure>\n<\/figure>\n","protected":false},"excerpt":{"rendered":"<p>\u00c9l es mendoza, yo siempre le dije Mendoza porque todos le dec\u00edan wero o Ricardo, y yo dec\u00eda que \u00e9l es tan tan especial para mi que el ten\u00eda que tener un toque especial. Adem\u00e1s, pod\u00eda ser el gordo y para mi su apellido Mendoza tiene un grando poder\u2026 Y me siento muy respalda por [&hellip;]<\/p>\n","protected":false},"author":1,"featured_media":90,"comment_status":"closed","ping_status":"closed","sticky":false,"template":"","format":"standard","meta":{"_coblocks_attr":"","_coblocks_dimensions":"","_coblocks_responsive_height":"","_coblocks_accordion_ie_support":"","ub_ctt_via":"","footnotes":""},"categories":[3,4],"tags":[],"class_list":["post-1908","post","type-post","status-publish","format-standard","has-post-thumbnail","hentry","category-memorias","category-memorias-veracruz"],"acf":[],"featured_image_src":"https:\/\/www.imdhd.org\/dignificando-la-memoria\/wp-content\/uploads\/2021\/07\/banner-testimonios.svg","author_info":{"display_name":"admin","author_link":"https:\/\/www.imdhd.org\/dignificando-la-memoria\/author\/admin\/"},"yoast_head":"<!-- This site is optimized with the Yoast SEO plugin v21.8 - https:\/\/yoast.com\/wordpress\/plugins\/seo\/ -->\n<title>Edgar Ricardo Mendoza Ram\u00edrez - Dignificando la Memoria<\/title>\n<meta name=\"robots\" content=\"index, follow, max-snippet:-1, max-image-preview:large, max-video-preview:-1\" \/>\n<link rel=\"canonical\" href=\"https:\/\/www.imdhd.org\/dignificando-la-memoria\/memorias\/memorias-veracruz\/edgar-ricardo-mendoza-ramirez\/\" \/>\n<meta property=\"og:locale\" content=\"es_ES\" \/>\n<meta property=\"og:type\" content=\"article\" \/>\n<meta property=\"og:title\" content=\"Edgar Ricardo Mendoza Ram\u00edrez - Dignificando la Memoria\" \/>\n<meta property=\"og:description\" content=\"\u00c9l es mendoza, yo siempre le dije Mendoza porque todos le dec\u00edan wero o Ricardo, y yo dec\u00eda que \u00e9l es tan tan especial para mi que el ten\u00eda que tener un toque especial. Adem\u00e1s, pod\u00eda ser el gordo y para mi su apellido Mendoza tiene un grando poder\u2026 Y me siento muy respalda por [&hellip;]\" \/>\n<meta property=\"og:url\" content=\"https:\/\/www.imdhd.org\/dignificando-la-memoria\/memorias\/memorias-veracruz\/edgar-ricardo-mendoza-ramirez\/\" \/>\n<meta property=\"og:site_name\" content=\"Dignificando la Memoria\" \/>\n<meta property=\"article:published_time\" content=\"2022-03-30T02:11:00+00:00\" \/>\n<meta property=\"article:modified_time\" content=\"2022-06-14T22:05:43+00:00\" \/>\n<meta name=\"author\" content=\"admin\" \/>\n<meta name=\"twitter:card\" content=\"summary_large_image\" \/>\n<meta name=\"twitter:image\" content=\"https:\/\/www.imdhd.org\/dignificando-la-memoria\/wp-content\/uploads\/2021\/07\/banner-testimonios.svg\" \/>\n<meta name=\"twitter:label1\" content=\"Escrito por\" \/>\n\t<meta name=\"twitter:data1\" content=\"admin\" \/>\n\t<meta name=\"twitter:label2\" content=\"Tiempo de lectura\" \/>\n\t<meta name=\"twitter:data2\" content=\"8 minutos\" \/>\n<script type=\"application\/ld+json\" class=\"yoast-schema-graph\">{\"@context\":\"https:\/\/schema.org\",\"@graph\":[{\"@type\":\"Article\",\"@id\":\"https:\/\/www.imdhd.org\/dignificando-la-memoria\/memorias\/memorias-veracruz\/edgar-ricardo-mendoza-ramirez\/#article\",\"isPartOf\":{\"@id\":\"https:\/\/www.imdhd.org\/dignificando-la-memoria\/memorias\/memorias-veracruz\/edgar-ricardo-mendoza-ramirez\/\"},\"author\":{\"name\":\"admin\",\"@id\":\"http:\/\/www.imdhd.org\/dignificando-la-memoria\/#\/schema\/person\/fc1a5e3d6a3e4277042ef4db3a951d0b\"},\"headline\":\"Edgar Ricardo Mendoza Ram\u00edrez\",\"datePublished\":\"2022-03-30T02:11:00+00:00\",\"dateModified\":\"2022-06-14T22:05:43+00:00\",\"mainEntityOfPage\":{\"@id\":\"https:\/\/www.imdhd.org\/dignificando-la-memoria\/memorias\/memorias-veracruz\/edgar-ricardo-mendoza-ramirez\/\"},\"wordCount\":260,\"publisher\":{\"@id\":\"http:\/\/www.imdhd.org\/dignificando-la-memoria\/#organization\"},\"articleSection\":[\"Memorias\",\"Memorias Veracruz\"],\"inLanguage\":\"es\"},{\"@type\":\"WebPage\",\"@id\":\"https:\/\/www.imdhd.org\/dignificando-la-memoria\/memorias\/memorias-veracruz\/edgar-ricardo-mendoza-ramirez\/\",\"url\":\"https:\/\/www.imdhd.org\/dignificando-la-memoria\/memorias\/memorias-veracruz\/edgar-ricardo-mendoza-ramirez\/\",\"name\":\"Edgar Ricardo Mendoza Ram\u00edrez - Dignificando la Memoria\",\"isPartOf\":{\"@id\":\"http:\/\/www.imdhd.org\/dignificando-la-memoria\/#website\"},\"datePublished\":\"2022-03-30T02:11:00+00:00\",\"dateModified\":\"2022-06-14T22:05:43+00:00\",\"breadcrumb\":{\"@id\":\"https:\/\/www.imdhd.org\/dignificando-la-memoria\/memorias\/memorias-veracruz\/edgar-ricardo-mendoza-ramirez\/#breadcrumb\"},\"inLanguage\":\"es\",\"potentialAction\":[{\"@type\":\"ReadAction\",\"target\":[\"https:\/\/www.imdhd.org\/dignificando-la-memoria\/memorias\/memorias-veracruz\/edgar-ricardo-mendoza-ramirez\/\"]}]},{\"@type\":\"BreadcrumbList\",\"@id\":\"https:\/\/www.imdhd.org\/dignificando-la-memoria\/memorias\/memorias-veracruz\/edgar-ricardo-mendoza-ramirez\/#breadcrumb\",\"itemListElement\":[{\"@type\":\"ListItem\",\"position\":1,\"name\":\"Portada\",\"item\":\"http:\/\/www.imdhd.org\/dignificando-la-memoria\/\"},{\"@type\":\"ListItem\",\"position\":2,\"name\":\"Edgar Ricardo Mendoza Ram\u00edrez\"}]},{\"@type\":\"WebSite\",\"@id\":\"http:\/\/www.imdhd.org\/dignificando-la-memoria\/#website\",\"url\":\"http:\/\/www.imdhd.org\/dignificando-la-memoria\/\",\"name\":\"Dignificando la Memoria\",\"description\":\"Un proyecto que rescata y dignifica la memoria de las personas desaparecidas en M&eacute;xico\",\"publisher\":{\"@id\":\"http:\/\/www.imdhd.org\/dignificando-la-memoria\/#organization\"},\"potentialAction\":[{\"@type\":\"SearchAction\",\"target\":{\"@type\":\"EntryPoint\",\"urlTemplate\":\"http:\/\/www.imdhd.org\/dignificando-la-memoria\/?s={search_term_string}\"},\"query-input\":\"required name=search_term_string\"}],\"inLanguage\":\"es\"},{\"@type\":\"Organization\",\"@id\":\"http:\/\/www.imdhd.org\/dignificando-la-memoria\/#organization\",\"name\":\"Dignificando la Memoria\",\"url\":\"http:\/\/www.imdhd.org\/dignificando-la-memoria\/\",\"logo\":{\"@type\":\"ImageObject\",\"inLanguage\":\"es\",\"@id\":\"http:\/\/www.imdhd.org\/dignificando-la-memoria\/#\/schema\/logo\/image\/\",\"url\":\"https:\/\/www.imdhd.org\/dignificando-la-memoria\/wp-content\/uploads\/2021\/07\/id-dignificando-1.svg\",\"contentUrl\":\"https:\/\/www.imdhd.org\/dignificando-la-memoria\/wp-content\/uploads\/2021\/07\/id-dignificando-1.svg\",\"caption\":\"Dignificando la Memoria\"},\"image\":{\"@id\":\"http:\/\/www.imdhd.org\/dignificando-la-memoria\/#\/schema\/logo\/image\/\"}},{\"@type\":\"Person\",\"@id\":\"http:\/\/www.imdhd.org\/dignificando-la-memoria\/#\/schema\/person\/fc1a5e3d6a3e4277042ef4db3a951d0b\",\"name\":\"admin\",\"image\":{\"@type\":\"ImageObject\",\"inLanguage\":\"es\",\"@id\":\"http:\/\/www.imdhd.org\/dignificando-la-memoria\/#\/schema\/person\/image\/\",\"url\":\"https:\/\/secure.gravatar.com\/avatar\/12fe34de4959513a90310b36a309d41a2f2e8c9dec80cb6efa358434d27149fb?s=96&d=mm&r=g\",\"contentUrl\":\"https:\/\/secure.gravatar.com\/avatar\/12fe34de4959513a90310b36a309d41a2f2e8c9dec80cb6efa358434d27149fb?s=96&d=mm&r=g\",\"caption\":\"admin\"},\"sameAs\":[\"https:\/\/www.imdhd.org\/dignificando-la-memoria\"],\"url\":\"https:\/\/www.imdhd.org\/dignificando-la-memoria\/author\/admin\/\"}]}<\/script>\n<!-- \/ Yoast SEO plugin. -->","yoast_head_json":{"title":"Edgar Ricardo Mendoza Ram\u00edrez - Dignificando la Memoria","robots":{"index":"index","follow":"follow","max-snippet":"max-snippet:-1","max-image-preview":"max-image-preview:large","max-video-preview":"max-video-preview:-1"},"canonical":"https:\/\/www.imdhd.org\/dignificando-la-memoria\/memorias\/memorias-veracruz\/edgar-ricardo-mendoza-ramirez\/","og_locale":"es_ES","og_type":"article","og_title":"Edgar Ricardo Mendoza Ram\u00edrez - Dignificando la Memoria","og_description":"\u00c9l es mendoza, yo siempre le dije Mendoza porque todos le dec\u00edan wero o Ricardo, y yo dec\u00eda que \u00e9l es tan tan especial para mi que el ten\u00eda que tener un toque especial. Adem\u00e1s, pod\u00eda ser el gordo y para mi su apellido Mendoza tiene un grando poder\u2026 Y me siento muy respalda por [&hellip;]","og_url":"https:\/\/www.imdhd.org\/dignificando-la-memoria\/memorias\/memorias-veracruz\/edgar-ricardo-mendoza-ramirez\/","og_site_name":"Dignificando la Memoria","article_published_time":"2022-03-30T02:11:00+00:00","article_modified_time":"2022-06-14T22:05:43+00:00","author":"admin","twitter_card":"summary_large_image","twitter_image":"https:\/\/www.imdhd.org\/dignificando-la-memoria\/wp-content\/uploads\/2021\/07\/banner-testimonios.svg","twitter_misc":{"Escrito por":"admin","Tiempo de lectura":"8 minutos"},"schema":{"@context":"https:\/\/schema.org","@graph":[{"@type":"Article","@id":"https:\/\/www.imdhd.org\/dignificando-la-memoria\/memorias\/memorias-veracruz\/edgar-ricardo-mendoza-ramirez\/#article","isPartOf":{"@id":"https:\/\/www.imdhd.org\/dignificando-la-memoria\/memorias\/memorias-veracruz\/edgar-ricardo-mendoza-ramirez\/"},"author":{"name":"admin","@id":"http:\/\/www.imdhd.org\/dignificando-la-memoria\/#\/schema\/person\/fc1a5e3d6a3e4277042ef4db3a951d0b"},"headline":"Edgar Ricardo Mendoza Ram\u00edrez","datePublished":"2022-03-30T02:11:00+00:00","dateModified":"2022-06-14T22:05:43+00:00","mainEntityOfPage":{"@id":"https:\/\/www.imdhd.org\/dignificando-la-memoria\/memorias\/memorias-veracruz\/edgar-ricardo-mendoza-ramirez\/"},"wordCount":260,"publisher":{"@id":"http:\/\/www.imdhd.org\/dignificando-la-memoria\/#organization"},"articleSection":["Memorias","Memorias Veracruz"],"inLanguage":"es"},{"@type":"WebPage","@id":"https:\/\/www.imdhd.org\/dignificando-la-memoria\/memorias\/memorias-veracruz\/edgar-ricardo-mendoza-ramirez\/","url":"https:\/\/www.imdhd.org\/dignificando-la-memoria\/memorias\/memorias-veracruz\/edgar-ricardo-mendoza-ramirez\/","name":"Edgar Ricardo Mendoza Ram\u00edrez - Dignificando la Memoria","isPartOf":{"@id":"http:\/\/www.imdhd.org\/dignificando-la-memoria\/#website"},"datePublished":"2022-03-30T02:11:00+00:00","dateModified":"2022-06-14T22:05:43+00:00","breadcrumb":{"@id":"https:\/\/www.imdhd.org\/dignificando-la-memoria\/memorias\/memorias-veracruz\/edgar-ricardo-mendoza-ramirez\/#breadcrumb"},"inLanguage":"es","potentialAction":[{"@type":"ReadAction","target":["https:\/\/www.imdhd.org\/dignificando-la-memoria\/memorias\/memorias-veracruz\/edgar-ricardo-mendoza-ramirez\/"]}]},{"@type":"BreadcrumbList","@id":"https:\/\/www.imdhd.org\/dignificando-la-memoria\/memorias\/memorias-veracruz\/edgar-ricardo-mendoza-ramirez\/#breadcrumb","itemListElement":[{"@type":"ListItem","position":1,"name":"Portada","item":"http:\/\/www.imdhd.org\/dignificando-la-memoria\/"},{"@type":"ListItem","position":2,"name":"Edgar Ricardo Mendoza Ram\u00edrez"}]},{"@type":"WebSite","@id":"http:\/\/www.imdhd.org\/dignificando-la-memoria\/#website","url":"http:\/\/www.imdhd.org\/dignificando-la-memoria\/","name":"Dignificando la Memoria","description":"Un proyecto que rescata y dignifica la memoria de las personas desaparecidas en M&eacute;xico","publisher":{"@id":"http:\/\/www.imdhd.org\/dignificando-la-memoria\/#organization"},"potentialAction":[{"@type":"SearchAction","target":{"@type":"EntryPoint","urlTemplate":"http:\/\/www.imdhd.org\/dignificando-la-memoria\/?s={search_term_string}"},"query-input":"required name=search_term_string"}],"inLanguage":"es"},{"@type":"Organization","@id":"http:\/\/www.imdhd.org\/dignificando-la-memoria\/#organization","name":"Dignificando la Memoria","url":"http:\/\/www.imdhd.org\/dignificando-la-memoria\/","logo":{"@type":"ImageObject","inLanguage":"es","@id":"http:\/\/www.imdhd.org\/dignificando-la-memoria\/#\/schema\/logo\/image\/","url":"https:\/\/www.imdhd.org\/dignificando-la-memoria\/wp-content\/uploads\/2021\/07\/id-dignificando-1.svg","contentUrl":"https:\/\/www.imdhd.org\/dignificando-la-memoria\/wp-content\/uploads\/2021\/07\/id-dignificando-1.svg","caption":"Dignificando la Memoria"},"image":{"@id":"http:\/\/www.imdhd.org\/dignificando-la-memoria\/#\/schema\/logo\/image\/"}},{"@type":"Person","@id":"http:\/\/www.imdhd.org\/dignificando-la-memoria\/#\/schema\/person\/fc1a5e3d6a3e4277042ef4db3a951d0b","name":"admin","image":{"@type":"ImageObject","inLanguage":"es","@id":"http:\/\/www.imdhd.org\/dignificando-la-memoria\/#\/schema\/person\/image\/","url":"https:\/\/secure.gravatar.com\/avatar\/12fe34de4959513a90310b36a309d41a2f2e8c9dec80cb6efa358434d27149fb?s=96&d=mm&r=g","contentUrl":"https:\/\/secure.gravatar.com\/avatar\/12fe34de4959513a90310b36a309d41a2f2e8c9dec80cb6efa358434d27149fb?s=96&d=mm&r=g","caption":"admin"},"sameAs":["https:\/\/www.imdhd.org\/dignificando-la-memoria"],"url":"https:\/\/www.imdhd.org\/dignificando-la-memoria\/author\/admin\/"}]}},"_links":{"self":[{"href":"https:\/\/www.imdhd.org\/dignificando-la-memoria\/wp-json\/wp\/v2\/posts\/1908","targetHints":{"allow":["GET"]}}],"collection":[{"href":"https:\/\/www.imdhd.org\/dignificando-la-memoria\/wp-json\/wp\/v2\/posts"}],"about":[{"href":"https:\/\/www.imdhd.org\/dignificando-la-memoria\/wp-json\/wp\/v2\/types\/post"}],"author":[{"embeddable":true,"href":"https:\/\/www.imdhd.org\/dignificando-la-memoria\/wp-json\/wp\/v2\/users\/1"}],"replies":[{"embeddable":true,"href":"https:\/\/www.imdhd.org\/dignificando-la-memoria\/wp-json\/wp\/v2\/comments?post=1908"}],"version-history":[{"count":44,"href":"https:\/\/www.imdhd.org\/dignificando-la-memoria\/wp-json\/wp\/v2\/posts\/1908\/revisions"}],"predecessor-version":[{"id":2481,"href":"https:\/\/www.imdhd.org\/dignificando-la-memoria\/wp-json\/wp\/v2\/posts\/1908\/revisions\/2481"}],"wp:featuredmedia":[{"embeddable":true,"href":"https:\/\/www.imdhd.org\/dignificando-la-memoria\/wp-json\/wp\/v2\/media\/90"}],"wp:attachment":[{"href":"https:\/\/www.imdhd.org\/dignificando-la-memoria\/wp-json\/wp\/v2\/media?parent=1908"}],"wp:term":[{"taxonomy":"category","embeddable":true,"href":"https:\/\/www.imdhd.org\/dignificando-la-memoria\/wp-json\/wp\/v2\/categories?post=1908"},{"taxonomy":"post_tag","embeddable":true,"href":"https:\/\/www.imdhd.org\/dignificando-la-memoria\/wp-json\/wp\/v2\/tags?post=1908"}],"curies":[{"name":"wp","href":"https:\/\/api.w.org\/{rel}","templated":true}]}}