{"id":1986,"date":"2022-03-30T17:42:00","date_gmt":"2022-03-30T17:42:00","guid":{"rendered":"https:\/\/www.imdhd.org\/dignificando-la-memoria\/?p=1986"},"modified":"2022-04-08T22:25:36","modified_gmt":"2022-04-08T22:25:36","slug":"galilea-cruz-aguayo","status":"publish","type":"post","link":"https:\/\/www.imdhd.org\/dignificando-la-memoria\/memorias\/galilea-cruz-aguayo\/","title":{"rendered":"Galilea Cruz Aguayo"},"content":{"rendered":"\n<blockquote class=\"wp-block-quote is-layout-flow wp-block-quote-is-layout-flow\"><p>La \u00faltima vez que la vimos fue ah\u00ed en una fiesta de la familia. Ella viv\u00eda en chachapa, viv\u00eda con omar. El ni\u00f1o viv\u00eda con la abuela. Vivi\u00f3 un mes con ellos peor el tipo lo maltrataba. Familia pidi\u00f3 que el ni\u00f1o volviera con la familia de galilea. Ella se qued\u00f3 viviendo unas semanas con Omar. Galilea le pide a su mam\u00e1 que vaya con ella porque el tipo la maltrataba, hab\u00eda agresiones. Su mam\u00e1 fue por ella en la madrugada. Cuando se sube al coche de omar fue la \u00faltima vez que la vieron con vida. Cerr\u00f3 redes sociales. Omar muy posesivo, le quita el tel\u00e9fono. Se comunicaba con su familia con el tel\u00e9fono de Omar.<\/p><\/blockquote>\n\n\n\n<figure class=\"wp-block-embed alignfull is-type-video is-provider-youtube wp-block-embed-youtube wp-embed-aspect-16-9 wp-has-aspect-ratio\"><div class=\"wp-block-embed__wrapper\">\n<iframe loading=\"lazy\" title=\"325. Kony - Galilea\" width=\"500\" height=\"281\" src=\"https:\/\/www.youtube.com\/embed\/u5ap8mAIA2Q?list=PL1ZgpTfzLAnpTu2VCtJruFcLImpB9O-2z\" frameborder=\"0\" allow=\"accelerometer; autoplay; clipboard-write; encrypted-media; gyroscope; picture-in-picture; web-share\" referrerpolicy=\"strict-origin-when-cross-origin\" allowfullscreen><\/iframe>\n<\/div><\/figure>\n\n\n\n<div style=\"height:30px\" aria-hidden=\"true\" class=\"wp-block-spacer\"><\/div>\n\n\n\n<figure class=\"wp-block-gallery has-nested-images columns-default is-cropped wp-block-gallery-1 is-layout-flex wp-block-gallery-is-layout-flex\">\n<figure class=\"wp-block-image size-large\"><img loading=\"lazy\" decoding=\"async\" width=\"407\" height=\"540\" data-id=\"2124\" src=\"http:\/\/www.imdhd.org\/dignificando-la-memoria\/wp-content\/uploads\/2022\/03\/galilea-1.jpg\" alt=\"\" class=\"wp-image-2124\" srcset=\"https:\/\/www.imdhd.org\/dignificando-la-memoria\/wp-content\/uploads\/2022\/03\/galilea-1.jpg 407w, https:\/\/www.imdhd.org\/dignificando-la-memoria\/wp-content\/uploads\/2022\/03\/galilea-1-226x300.jpg 226w\" sizes=\"auto, (max-width: 407px) 100vw, 407px\" \/><\/figure>\n\n\n\n<figure class=\"wp-block-image size-large\"><img loading=\"lazy\" decoding=\"async\" width=\"768\" height=\"960\" data-id=\"2125\" src=\"http:\/\/www.imdhd.org\/dignificando-la-memoria\/wp-content\/uploads\/2022\/03\/galilea-2.jpg\" alt=\"\" class=\"wp-image-2125\" srcset=\"https:\/\/www.imdhd.org\/dignificando-la-memoria\/wp-content\/uploads\/2022\/03\/galilea-2.jpg 768w, https:\/\/www.imdhd.org\/dignificando-la-memoria\/wp-content\/uploads\/2022\/03\/galilea-2-240x300.jpg 240w\" sizes=\"auto, (max-width: 768px) 100vw, 768px\" \/><\/figure>\n\n\n\n<figure class=\"wp-block-image size-large\"><img loading=\"lazy\" decoding=\"async\" width=\"1800\" height=\"1600\" data-id=\"2126\" src=\"http:\/\/www.imdhd.org\/dignificando-la-memoria\/wp-content\/uploads\/2022\/03\/galilea-3.jpg\" alt=\"\" class=\"wp-image-2126\" srcset=\"https:\/\/www.imdhd.org\/dignificando-la-memoria\/wp-content\/uploads\/2022\/03\/galilea-3.jpg 1800w, https:\/\/www.imdhd.org\/dignificando-la-memoria\/wp-content\/uploads\/2022\/03\/galilea-3-300x267.jpg 300w, https:\/\/www.imdhd.org\/dignificando-la-memoria\/wp-content\/uploads\/2022\/03\/galilea-3-1024x910.jpg 1024w, https:\/\/www.imdhd.org\/dignificando-la-memoria\/wp-content\/uploads\/2022\/03\/galilea-3-768x683.jpg 768w, https:\/\/www.imdhd.org\/dignificando-la-memoria\/wp-content\/uploads\/2022\/03\/galilea-3-1536x1365.jpg 1536w, https:\/\/www.imdhd.org\/dignificando-la-memoria\/wp-content\/uploads\/2022\/03\/galilea-3-1568x1394.jpg 1568w\" sizes=\"auto, (max-width: 1800px) 100vw, 1800px\" \/><\/figure>\n\n\n\n<figure class=\"wp-block-image size-large\"><img loading=\"lazy\" decoding=\"async\" width=\"1024\" height=\"576\" data-id=\"2127\" src=\"http:\/\/www.imdhd.org\/dignificando-la-memoria\/wp-content\/uploads\/2022\/03\/galilea-4.jpeg\" alt=\"\" class=\"wp-image-2127\" srcset=\"https:\/\/www.imdhd.org\/dignificando-la-memoria\/wp-content\/uploads\/2022\/03\/galilea-4.jpeg 1024w, https:\/\/www.imdhd.org\/dignificando-la-memoria\/wp-content\/uploads\/2022\/03\/galilea-4-300x169.jpeg 300w, https:\/\/www.imdhd.org\/dignificando-la-memoria\/wp-content\/uploads\/2022\/03\/galilea-4-768x432.jpeg 768w\" sizes=\"auto, (max-width: 1024px) 100vw, 1024px\" \/><\/figure>\n<\/figure>\n","protected":false},"excerpt":{"rendered":"<p>La \u00faltima vez que la vimos fue ah\u00ed en una fiesta de la familia. Ella viv\u00eda en chachapa, viv\u00eda con omar. El ni\u00f1o viv\u00eda con la abuela. Vivi\u00f3 un mes con ellos peor el tipo lo maltrataba. Familia pidi\u00f3 que el ni\u00f1o volviera con la familia de galilea. Ella se qued\u00f3 viviendo unas semanas con [&hellip;]<\/p>\n","protected":false},"author":1,"featured_media":90,"comment_status":"closed","ping_status":"closed","sticky":false,"template":"","format":"standard","meta":{"_coblocks_attr":"","_coblocks_dimensions":"","_coblocks_responsive_height":"","_coblocks_accordion_ie_support":"","ub_ctt_via":"","footnotes":""},"categories":[3,5],"tags":[],"class_list":["post-1986","post","type-post","status-publish","format-standard","has-post-thumbnail","hentry","category-memorias","category-memorias-puebla"],"acf":[],"featured_image_src":"https:\/\/www.imdhd.org\/dignificando-la-memoria\/wp-content\/uploads\/2021\/07\/banner-testimonios.svg","author_info":{"display_name":"admin","author_link":"https:\/\/www.imdhd.org\/dignificando-la-memoria\/author\/admin\/"},"yoast_head":"<!-- This site is optimized with the Yoast SEO plugin v21.8 - https:\/\/yoast.com\/wordpress\/plugins\/seo\/ -->\n<title>Galilea Cruz Aguayo - Dignificando la Memoria<\/title>\n<meta name=\"robots\" content=\"index, follow, max-snippet:-1, max-image-preview:large, max-video-preview:-1\" \/>\n<link rel=\"canonical\" href=\"https:\/\/www.imdhd.org\/dignificando-la-memoria\/memorias\/galilea-cruz-aguayo\/\" \/>\n<meta property=\"og:locale\" content=\"es_ES\" \/>\n<meta property=\"og:type\" content=\"article\" \/>\n<meta property=\"og:title\" content=\"Galilea Cruz Aguayo - Dignificando la Memoria\" \/>\n<meta property=\"og:description\" content=\"La \u00faltima vez que la vimos fue ah\u00ed en una fiesta de la familia. Ella viv\u00eda en chachapa, viv\u00eda con omar. El ni\u00f1o viv\u00eda con la abuela. Vivi\u00f3 un mes con ellos peor el tipo lo maltrataba. Familia pidi\u00f3 que el ni\u00f1o volviera con la familia de galilea. Ella se qued\u00f3 viviendo unas semanas con [&hellip;]\" \/>\n<meta property=\"og:url\" content=\"https:\/\/www.imdhd.org\/dignificando-la-memoria\/memorias\/galilea-cruz-aguayo\/\" \/>\n<meta property=\"og:site_name\" content=\"Dignificando la Memoria\" \/>\n<meta property=\"article:published_time\" content=\"2022-03-30T17:42:00+00:00\" \/>\n<meta property=\"article:modified_time\" content=\"2022-04-08T22:25:36+00:00\" \/>\n<meta name=\"author\" content=\"admin\" \/>\n<meta name=\"twitter:card\" content=\"summary_large_image\" \/>\n<meta name=\"twitter:image\" content=\"https:\/\/www.imdhd.org\/dignificando-la-memoria\/wp-content\/uploads\/2021\/07\/banner-testimonios.svg\" \/>\n<meta name=\"twitter:label1\" content=\"Escrito por\" \/>\n\t<meta name=\"twitter:data1\" content=\"admin\" \/>\n\t<meta name=\"twitter:label2\" content=\"Tiempo de lectura\" \/>\n\t<meta name=\"twitter:data2\" content=\"1 minuto\" \/>\n<script type=\"application\/ld+json\" class=\"yoast-schema-graph\">{\"@context\":\"https:\/\/schema.org\",\"@graph\":[{\"@type\":\"Article\",\"@id\":\"https:\/\/www.imdhd.org\/dignificando-la-memoria\/memorias\/galilea-cruz-aguayo\/#article\",\"isPartOf\":{\"@id\":\"https:\/\/www.imdhd.org\/dignificando-la-memoria\/memorias\/galilea-cruz-aguayo\/\"},\"author\":{\"name\":\"admin\",\"@id\":\"http:\/\/www.imdhd.org\/dignificando-la-memoria\/#\/schema\/person\/fc1a5e3d6a3e4277042ef4db3a951d0b\"},\"headline\":\"Galilea Cruz Aguayo\",\"datePublished\":\"2022-03-30T17:42:00+00:00\",\"dateModified\":\"2022-04-08T22:25:36+00:00\",\"mainEntityOfPage\":{\"@id\":\"https:\/\/www.imdhd.org\/dignificando-la-memoria\/memorias\/galilea-cruz-aguayo\/\"},\"wordCount\":147,\"publisher\":{\"@id\":\"http:\/\/www.imdhd.org\/dignificando-la-memoria\/#organization\"},\"articleSection\":[\"Memorias\",\"Memorias Puebla\"],\"inLanguage\":\"es\"},{\"@type\":\"WebPage\",\"@id\":\"https:\/\/www.imdhd.org\/dignificando-la-memoria\/memorias\/galilea-cruz-aguayo\/\",\"url\":\"https:\/\/www.imdhd.org\/dignificando-la-memoria\/memorias\/galilea-cruz-aguayo\/\",\"name\":\"Galilea Cruz Aguayo - Dignificando la Memoria\",\"isPartOf\":{\"@id\":\"http:\/\/www.imdhd.org\/dignificando-la-memoria\/#website\"},\"datePublished\":\"2022-03-30T17:42:00+00:00\",\"dateModified\":\"2022-04-08T22:25:36+00:00\",\"breadcrumb\":{\"@id\":\"https:\/\/www.imdhd.org\/dignificando-la-memoria\/memorias\/galilea-cruz-aguayo\/#breadcrumb\"},\"inLanguage\":\"es\",\"potentialAction\":[{\"@type\":\"ReadAction\",\"target\":[\"https:\/\/www.imdhd.org\/dignificando-la-memoria\/memorias\/galilea-cruz-aguayo\/\"]}]},{\"@type\":\"BreadcrumbList\",\"@id\":\"https:\/\/www.imdhd.org\/dignificando-la-memoria\/memorias\/galilea-cruz-aguayo\/#breadcrumb\",\"itemListElement\":[{\"@type\":\"ListItem\",\"position\":1,\"name\":\"Portada\",\"item\":\"http:\/\/www.imdhd.org\/dignificando-la-memoria\/\"},{\"@type\":\"ListItem\",\"position\":2,\"name\":\"Galilea Cruz Aguayo\"}]},{\"@type\":\"WebSite\",\"@id\":\"http:\/\/www.imdhd.org\/dignificando-la-memoria\/#website\",\"url\":\"http:\/\/www.imdhd.org\/dignificando-la-memoria\/\",\"name\":\"Dignificando la Memoria\",\"description\":\"Un proyecto que rescata y dignifica la memoria de las personas desaparecidas en M&eacute;xico\",\"publisher\":{\"@id\":\"http:\/\/www.imdhd.org\/dignificando-la-memoria\/#organization\"},\"potentialAction\":[{\"@type\":\"SearchAction\",\"target\":{\"@type\":\"EntryPoint\",\"urlTemplate\":\"http:\/\/www.imdhd.org\/dignificando-la-memoria\/?s={search_term_string}\"},\"query-input\":\"required name=search_term_string\"}],\"inLanguage\":\"es\"},{\"@type\":\"Organization\",\"@id\":\"http:\/\/www.imdhd.org\/dignificando-la-memoria\/#organization\",\"name\":\"Dignificando la Memoria\",\"url\":\"http:\/\/www.imdhd.org\/dignificando-la-memoria\/\",\"logo\":{\"@type\":\"ImageObject\",\"inLanguage\":\"es\",\"@id\":\"http:\/\/www.imdhd.org\/dignificando-la-memoria\/#\/schema\/logo\/image\/\",\"url\":\"https:\/\/www.imdhd.org\/dignificando-la-memoria\/wp-content\/uploads\/2021\/07\/id-dignificando-1.svg\",\"contentUrl\":\"https:\/\/www.imdhd.org\/dignificando-la-memoria\/wp-content\/uploads\/2021\/07\/id-dignificando-1.svg\",\"caption\":\"Dignificando la Memoria\"},\"image\":{\"@id\":\"http:\/\/www.imdhd.org\/dignificando-la-memoria\/#\/schema\/logo\/image\/\"}},{\"@type\":\"Person\",\"@id\":\"http:\/\/www.imdhd.org\/dignificando-la-memoria\/#\/schema\/person\/fc1a5e3d6a3e4277042ef4db3a951d0b\",\"name\":\"admin\",\"image\":{\"@type\":\"ImageObject\",\"inLanguage\":\"es\",\"@id\":\"http:\/\/www.imdhd.org\/dignificando-la-memoria\/#\/schema\/person\/image\/\",\"url\":\"https:\/\/secure.gravatar.com\/avatar\/12fe34de4959513a90310b36a309d41a2f2e8c9dec80cb6efa358434d27149fb?s=96&d=mm&r=g\",\"contentUrl\":\"https:\/\/secure.gravatar.com\/avatar\/12fe34de4959513a90310b36a309d41a2f2e8c9dec80cb6efa358434d27149fb?s=96&d=mm&r=g\",\"caption\":\"admin\"},\"sameAs\":[\"https:\/\/www.imdhd.org\/dignificando-la-memoria\"],\"url\":\"https:\/\/www.imdhd.org\/dignificando-la-memoria\/author\/admin\/\"}]}<\/script>\n<!-- \/ Yoast SEO plugin. -->","yoast_head_json":{"title":"Galilea Cruz Aguayo - Dignificando la Memoria","robots":{"index":"index","follow":"follow","max-snippet":"max-snippet:-1","max-image-preview":"max-image-preview:large","max-video-preview":"max-video-preview:-1"},"canonical":"https:\/\/www.imdhd.org\/dignificando-la-memoria\/memorias\/galilea-cruz-aguayo\/","og_locale":"es_ES","og_type":"article","og_title":"Galilea Cruz Aguayo - Dignificando la Memoria","og_description":"La \u00faltima vez que la vimos fue ah\u00ed en una fiesta de la familia. Ella viv\u00eda en chachapa, viv\u00eda con omar. El ni\u00f1o viv\u00eda con la abuela. Vivi\u00f3 un mes con ellos peor el tipo lo maltrataba. Familia pidi\u00f3 que el ni\u00f1o volviera con la familia de galilea. Ella se qued\u00f3 viviendo unas semanas con [&hellip;]","og_url":"https:\/\/www.imdhd.org\/dignificando-la-memoria\/memorias\/galilea-cruz-aguayo\/","og_site_name":"Dignificando la Memoria","article_published_time":"2022-03-30T17:42:00+00:00","article_modified_time":"2022-04-08T22:25:36+00:00","author":"admin","twitter_card":"summary_large_image","twitter_image":"https:\/\/www.imdhd.org\/dignificando-la-memoria\/wp-content\/uploads\/2021\/07\/banner-testimonios.svg","twitter_misc":{"Escrito por":"admin","Tiempo de lectura":"1 minuto"},"schema":{"@context":"https:\/\/schema.org","@graph":[{"@type":"Article","@id":"https:\/\/www.imdhd.org\/dignificando-la-memoria\/memorias\/galilea-cruz-aguayo\/#article","isPartOf":{"@id":"https:\/\/www.imdhd.org\/dignificando-la-memoria\/memorias\/galilea-cruz-aguayo\/"},"author":{"name":"admin","@id":"http:\/\/www.imdhd.org\/dignificando-la-memoria\/#\/schema\/person\/fc1a5e3d6a3e4277042ef4db3a951d0b"},"headline":"Galilea Cruz Aguayo","datePublished":"2022-03-30T17:42:00+00:00","dateModified":"2022-04-08T22:25:36+00:00","mainEntityOfPage":{"@id":"https:\/\/www.imdhd.org\/dignificando-la-memoria\/memorias\/galilea-cruz-aguayo\/"},"wordCount":147,"publisher":{"@id":"http:\/\/www.imdhd.org\/dignificando-la-memoria\/#organization"},"articleSection":["Memorias","Memorias Puebla"],"inLanguage":"es"},{"@type":"WebPage","@id":"https:\/\/www.imdhd.org\/dignificando-la-memoria\/memorias\/galilea-cruz-aguayo\/","url":"https:\/\/www.imdhd.org\/dignificando-la-memoria\/memorias\/galilea-cruz-aguayo\/","name":"Galilea Cruz Aguayo - Dignificando la Memoria","isPartOf":{"@id":"http:\/\/www.imdhd.org\/dignificando-la-memoria\/#website"},"datePublished":"2022-03-30T17:42:00+00:00","dateModified":"2022-04-08T22:25:36+00:00","breadcrumb":{"@id":"https:\/\/www.imdhd.org\/dignificando-la-memoria\/memorias\/galilea-cruz-aguayo\/#breadcrumb"},"inLanguage":"es","potentialAction":[{"@type":"ReadAction","target":["https:\/\/www.imdhd.org\/dignificando-la-memoria\/memorias\/galilea-cruz-aguayo\/"]}]},{"@type":"BreadcrumbList","@id":"https:\/\/www.imdhd.org\/dignificando-la-memoria\/memorias\/galilea-cruz-aguayo\/#breadcrumb","itemListElement":[{"@type":"ListItem","position":1,"name":"Portada","item":"http:\/\/www.imdhd.org\/dignificando-la-memoria\/"},{"@type":"ListItem","position":2,"name":"Galilea Cruz Aguayo"}]},{"@type":"WebSite","@id":"http:\/\/www.imdhd.org\/dignificando-la-memoria\/#website","url":"http:\/\/www.imdhd.org\/dignificando-la-memoria\/","name":"Dignificando la Memoria","description":"Un proyecto que rescata y dignifica la memoria de las personas desaparecidas en M&eacute;xico","publisher":{"@id":"http:\/\/www.imdhd.org\/dignificando-la-memoria\/#organization"},"potentialAction":[{"@type":"SearchAction","target":{"@type":"EntryPoint","urlTemplate":"http:\/\/www.imdhd.org\/dignificando-la-memoria\/?s={search_term_string}"},"query-input":"required name=search_term_string"}],"inLanguage":"es"},{"@type":"Organization","@id":"http:\/\/www.imdhd.org\/dignificando-la-memoria\/#organization","name":"Dignificando la Memoria","url":"http:\/\/www.imdhd.org\/dignificando-la-memoria\/","logo":{"@type":"ImageObject","inLanguage":"es","@id":"http:\/\/www.imdhd.org\/dignificando-la-memoria\/#\/schema\/logo\/image\/","url":"https:\/\/www.imdhd.org\/dignificando-la-memoria\/wp-content\/uploads\/2021\/07\/id-dignificando-1.svg","contentUrl":"https:\/\/www.imdhd.org\/dignificando-la-memoria\/wp-content\/uploads\/2021\/07\/id-dignificando-1.svg","caption":"Dignificando la Memoria"},"image":{"@id":"http:\/\/www.imdhd.org\/dignificando-la-memoria\/#\/schema\/logo\/image\/"}},{"@type":"Person","@id":"http:\/\/www.imdhd.org\/dignificando-la-memoria\/#\/schema\/person\/fc1a5e3d6a3e4277042ef4db3a951d0b","name":"admin","image":{"@type":"ImageObject","inLanguage":"es","@id":"http:\/\/www.imdhd.org\/dignificando-la-memoria\/#\/schema\/person\/image\/","url":"https:\/\/secure.gravatar.com\/avatar\/12fe34de4959513a90310b36a309d41a2f2e8c9dec80cb6efa358434d27149fb?s=96&d=mm&r=g","contentUrl":"https:\/\/secure.gravatar.com\/avatar\/12fe34de4959513a90310b36a309d41a2f2e8c9dec80cb6efa358434d27149fb?s=96&d=mm&r=g","caption":"admin"},"sameAs":["https:\/\/www.imdhd.org\/dignificando-la-memoria"],"url":"https:\/\/www.imdhd.org\/dignificando-la-memoria\/author\/admin\/"}]}},"_links":{"self":[{"href":"https:\/\/www.imdhd.org\/dignificando-la-memoria\/wp-json\/wp\/v2\/posts\/1986","targetHints":{"allow":["GET"]}}],"collection":[{"href":"https:\/\/www.imdhd.org\/dignificando-la-memoria\/wp-json\/wp\/v2\/posts"}],"about":[{"href":"https:\/\/www.imdhd.org\/dignificando-la-memoria\/wp-json\/wp\/v2\/types\/post"}],"author":[{"embeddable":true,"href":"https:\/\/www.imdhd.org\/dignificando-la-memoria\/wp-json\/wp\/v2\/users\/1"}],"replies":[{"embeddable":true,"href":"https:\/\/www.imdhd.org\/dignificando-la-memoria\/wp-json\/wp\/v2\/comments?post=1986"}],"version-history":[{"count":6,"href":"https:\/\/www.imdhd.org\/dignificando-la-memoria\/wp-json\/wp\/v2\/posts\/1986\/revisions"}],"predecessor-version":[{"id":2383,"href":"https:\/\/www.imdhd.org\/dignificando-la-memoria\/wp-json\/wp\/v2\/posts\/1986\/revisions\/2383"}],"wp:featuredmedia":[{"embeddable":true,"href":"https:\/\/www.imdhd.org\/dignificando-la-memoria\/wp-json\/wp\/v2\/media\/90"}],"wp:attachment":[{"href":"https:\/\/www.imdhd.org\/dignificando-la-memoria\/wp-json\/wp\/v2\/media?parent=1986"}],"wp:term":[{"taxonomy":"category","embeddable":true,"href":"https:\/\/www.imdhd.org\/dignificando-la-memoria\/wp-json\/wp\/v2\/categories?post=1986"},{"taxonomy":"post_tag","embeddable":true,"href":"https:\/\/www.imdhd.org\/dignificando-la-memoria\/wp-json\/wp\/v2\/tags?post=1986"}],"curies":[{"name":"wp","href":"https:\/\/api.w.org\/{rel}","templated":true}]}}