{"id":2424,"date":"2022-05-03T14:31:48","date_gmt":"2022-05-03T14:31:48","guid":{"rendered":"https:\/\/www.imdhd.org\/dignificando-la-memoria\/?p=2424"},"modified":"2022-05-03T14:36:54","modified_gmt":"2022-05-03T14:36:54","slug":"juan-de-dios-nunez-barojas","status":"publish","type":"post","link":"https:\/\/www.imdhd.org\/dignificando-la-memoria\/memorias\/juan-de-dios-nunez-barojas\/","title":{"rendered":"Juan de Dios Nu\u00f1ez Barojas"},"content":{"rendered":"\n<blockquote class=\"wp-block-quote is-layout-flow wp-block-quote-is-layout-flow\"><p>\u201cMis padres no tuvieron la oportunidad de estudiar, porque la infancia de ellos fue muy pobre, econ\u00f3mica, social, culturalmente muy pobre, pero eso tambi\u00e9n le dio a mi pap\u00e1 la pauta para so\u00f1ar en que yo pudiera estudiar\u201d.<\/p><cite>Mar\u00eda Luisa N\u00fa\u00f1ez Barojas, nos cuenta sobre ella, sobre su origen, su familia y su profesi\u00f3n.<\/cite><\/blockquote>\n\n\n\n<figure class=\"wp-block-embed is-type-video is-provider-youtube wp-block-embed-youtube wp-embed-aspect-16-9 wp-has-aspect-ratio\"><div class=\"wp-block-embed__wrapper\">\n<iframe loading=\"lazy\" title=\"307. Mar\u00eda Luisa - Juan de Dios (Parte 1)\" width=\"500\" height=\"281\" src=\"https:\/\/www.youtube.com\/embed\/tRKzKCBg_-A?feature=oembed\" frameborder=\"0\" allow=\"accelerometer; autoplay; clipboard-write; encrypted-media; gyroscope; picture-in-picture; web-share\" referrerpolicy=\"strict-origin-when-cross-origin\" allowfullscreen><\/iframe>\n<\/div><\/figure>\n\n\n\n<p>Mar\u00eda Luisa comparte su experiencia de haber sido madre aut\u00f3noma a las 18 a\u00f1os de edad y c\u00f3mo fue traer a su hijo, Juan de Dios, a este mundo.<\/p>\n\n\n\n<blockquote class=\"wp-block-quote is-layout-flow wp-block-quote-is-layout-flow\"><p>\u201cAs\u00ed Juan de Dios, como un ratoncito, entonces me daba miedo tocarlo porque parec\u00eda que lo iba yo a desarmar\u201d.<\/p><\/blockquote>\n\n\n\n<figure class=\"wp-block-embed is-type-video is-provider-youtube wp-block-embed-youtube wp-embed-aspect-16-9 wp-has-aspect-ratio\"><div class=\"wp-block-embed__wrapper\">\n<iframe loading=\"lazy\" title=\"307. Mar\u00eda Luisa - Juan de Dios (Parte 2)\" width=\"500\" height=\"281\" src=\"https:\/\/www.youtube.com\/embed\/DM8CAAkf_9o?feature=oembed\" frameborder=\"0\" allow=\"accelerometer; autoplay; clipboard-write; encrypted-media; gyroscope; picture-in-picture; web-share\" referrerpolicy=\"strict-origin-when-cross-origin\" allowfullscreen><\/iframe>\n<\/div><\/figure>\n\n\n\n<blockquote class=\"wp-block-quote is-layout-flow wp-block-quote-is-layout-flow\"><p>\u201cLe gustaba mucho subirse a los \u00e1rboles a cortar capulines, le gustaba mucho ir al cerro, caminar all\u00e1 en el cerro de mi pueblo, a \u00e9l le gustaba much\u00edsimo esa parte, la disfrutaba y le gustaba desde chiquito, ya grande tambi\u00e9n, se iban a cazar conejos con sus amigos, le gustaba mucho la tranquilidad, la paz que cre\u00edamos que hab\u00eda\u201d.<\/p><\/blockquote>\n\n\n\n<p>Mar\u00eda Luisa nos cuenta de los primeros a\u00f1os de Juan de Dios asistiendo a la escuela y de las razones por las cuales prefer\u00eda estar en el pueblo de su madre y sus abuelos que en la ciudad.<\/p>\n\n\n\n<figure class=\"wp-block-embed is-type-video is-provider-youtube wp-block-embed-youtube wp-embed-aspect-16-9 wp-has-aspect-ratio\"><div class=\"wp-block-embed__wrapper\">\n<iframe loading=\"lazy\" title=\"307. Mar\u00eda Luisa - Juan de Dios (Parte 3)\" width=\"500\" height=\"281\" src=\"https:\/\/www.youtube.com\/embed\/zhioKLAWor0?feature=oembed\" frameborder=\"0\" allow=\"accelerometer; autoplay; clipboard-write; encrypted-media; gyroscope; picture-in-picture; web-share\" referrerpolicy=\"strict-origin-when-cross-origin\" allowfullscreen><\/iframe>\n<\/div><\/figure>\n\n\n\n<blockquote class=\"wp-block-quote is-layout-flow wp-block-quote-is-layout-flow\"><p>\u201cYo estaba muy enojada, dec\u00eda c\u00f3mo puede ser tan irresponsable, c\u00f3mo no se pone a pensar que uno se preocupa, c\u00f3mo puede ser tan irresponsable para no llegar a casa, sabiendo que una se preocupa por la situaci\u00f3n que est\u00e1 pasando ahora, pero nunca me imagin\u00e9 que no hab\u00eda sido irresponsabilidad de \u00e9l, nunca me imagin\u00e9 que no era, que se le hab\u00eda hecho f\u00e1cil irse con los amigos, de fiesta, nunca pas\u00f3 por mi cabeza que no depend\u00eda\u00a0 de \u00e9l no haber llegado a casa, mucho menos pude pensar si quiera en una desaparici\u00f3n\u201d.<\/p><\/blockquote>\n\n\n\n<p>Mar\u00eda Luisa relata las primera horas y d\u00edas de aquel 28 de abril de 2017 en que Juan de Dios fue desaparecido. Habla de la angustia y la desesperaci\u00f3n, pero tambi\u00e9n comparte la esperanza que la movi\u00f3 a dejar de esperar que alguien fundara un colectivo de familiares de personas desaparecidas en Puebla que le ayudara, y decide que tal vez ella tiene que ser quien d\u00e9 el primer paso, agrupando 14 familias en aquella primera manifestaci\u00f3n afuera de fiscal\u00eda el 30 de agosto de 2018 hasta lo que son ahora, un colectivo que arropa aproximadamente a cien familias.<\/p>\n\n\n\n<figure class=\"wp-block-embed is-type-video is-provider-youtube wp-block-embed-youtube wp-embed-aspect-4-3 wp-has-aspect-ratio\"><div class=\"wp-block-embed__wrapper\">\n<iframe loading=\"lazy\" title=\"307. Mar\u00eda Luisa - Juan de Dios (Parte 4)\" width=\"500\" height=\"281\" src=\"https:\/\/www.youtube.com\/embed\/ZGbRDEwujgQ?feature=oembed\" frameborder=\"0\" allow=\"accelerometer; autoplay; clipboard-write; encrypted-media; gyroscope; picture-in-picture; web-share\" referrerpolicy=\"strict-origin-when-cross-origin\" allowfullscreen><\/iframe>\n<\/div><\/figure>\n\n\n\n<blockquote class=\"wp-block-quote is-layout-flow wp-block-quote-is-layout-flow\"><p>\u201cYo siempre dec\u00eda, cuando Juan de Dios naci\u00f3, me daba miedo porque no sab\u00eda que iba a hacer con un beb\u00e9, y yo me pon\u00eda a pensar a lo mejor vienes a esta vida porque traes una misi\u00f3n importante, hoy que digo esas palabras siento el jal\u00f3n de cabellos, vuelvo a sentir como un hoyo en mi est\u00f3mago, porque est\u00e1 muy cabr\u00f3n que su misi\u00f3n hubiera sido esta, una forma fuerte, extrema, muy cabrona de pensar que su misi\u00f3n de Juan de Dios era la de generar que se levantara la voz por los desaparecidos en Puebla\u201d.<\/p><\/blockquote>\n\n\n\n<p>El viernes 18 de febrero de 2022, el cuerpo de Juan de Dios fue entregado a su familia, quienes lo llevaron de vuelta al pueblo que am\u00f3, donde fue recibido con m\u00fasica de banda. Mar\u00eda Luisa ha transformado el dolor y la rabia en fortaleza y esperanza, su amor por la vida y por las personas que la rodean la impulsan a seguir cada d\u00eda, como ella dice, encontrando a Juan de Dios en cada desaparecido, porque Juan de Dios vino para permanecer, por siempre.<\/p>\n\n\n\n<figure class=\"wp-block-embed is-type-video is-provider-youtube wp-block-embed-youtube wp-embed-aspect-16-9 wp-has-aspect-ratio\"><div class=\"wp-block-embed__wrapper\">\n<iframe loading=\"lazy\" title=\"307. Mar\u00eda Luisa - Juan de Dios (Parte 5)\" width=\"500\" height=\"281\" src=\"https:\/\/www.youtube.com\/embed\/f0WiCTG36X8?feature=oembed\" frameborder=\"0\" allow=\"accelerometer; autoplay; clipboard-write; encrypted-media; gyroscope; picture-in-picture; web-share\" referrerpolicy=\"strict-origin-when-cross-origin\" allowfullscreen><\/iframe>\n<\/div><\/figure>\n\n\n\n<figure class=\"wp-block-gallery has-nested-images columns-default is-cropped wp-block-gallery-1 is-layout-flex wp-block-gallery-is-layout-flex\">\n<figure class=\"wp-block-image size-large\"><a href=\"https:\/\/www.imdhd.org\/dignificando-la-memoria\/wp-content\/uploads\/2022\/05\/juan-de-dios-3.jpg\"><img loading=\"lazy\" decoding=\"async\" width=\"1094\" height=\"1600\" data-id=\"2429\" src=\"http:\/\/www.imdhd.org\/dignificando-la-memoria\/wp-content\/uploads\/2022\/05\/juan-de-dios-3.jpg\" alt=\"\" class=\"wp-image-2429\" srcset=\"https:\/\/www.imdhd.org\/dignificando-la-memoria\/wp-content\/uploads\/2022\/05\/juan-de-dios-3.jpg 1094w, https:\/\/www.imdhd.org\/dignificando-la-memoria\/wp-content\/uploads\/2022\/05\/juan-de-dios-3-205x300.jpg 205w, https:\/\/www.imdhd.org\/dignificando-la-memoria\/wp-content\/uploads\/2022\/05\/juan-de-dios-3-700x1024.jpg 700w, https:\/\/www.imdhd.org\/dignificando-la-memoria\/wp-content\/uploads\/2022\/05\/juan-de-dios-3-768x1123.jpg 768w, https:\/\/www.imdhd.org\/dignificando-la-memoria\/wp-content\/uploads\/2022\/05\/juan-de-dios-3-1050x1536.jpg 1050w\" sizes=\"auto, (max-width: 1094px) 100vw, 1094px\" \/><\/a><\/figure>\n\n\n\n<figure class=\"wp-block-image size-large\"><a href=\"https:\/\/www.imdhd.org\/dignificando-la-memoria\/wp-content\/uploads\/2022\/05\/juan-de-dios-2.jpg\"><img loading=\"lazy\" decoding=\"async\" width=\"1080\" height=\"1154\" data-id=\"2428\" src=\"http:\/\/www.imdhd.org\/dignificando-la-memoria\/wp-content\/uploads\/2022\/05\/juan-de-dios-2.jpg\" alt=\"\" class=\"wp-image-2428\" srcset=\"https:\/\/www.imdhd.org\/dignificando-la-memoria\/wp-content\/uploads\/2022\/05\/juan-de-dios-2.jpg 1080w, https:\/\/www.imdhd.org\/dignificando-la-memoria\/wp-content\/uploads\/2022\/05\/juan-de-dios-2-281x300.jpg 281w, https:\/\/www.imdhd.org\/dignificando-la-memoria\/wp-content\/uploads\/2022\/05\/juan-de-dios-2-958x1024.jpg 958w, https:\/\/www.imdhd.org\/dignificando-la-memoria\/wp-content\/uploads\/2022\/05\/juan-de-dios-2-768x821.jpg 768w\" sizes=\"auto, (max-width: 1080px) 100vw, 1080px\" \/><\/a><\/figure>\n\n\n\n<figure class=\"wp-block-image size-large\"><a href=\"https:\/\/www.imdhd.org\/dignificando-la-memoria\/wp-content\/uploads\/2022\/05\/juan-de-dios-1.jpg\"><img loading=\"lazy\" decoding=\"async\" width=\"792\" height=\"960\" data-id=\"2427\" src=\"http:\/\/www.imdhd.org\/dignificando-la-memoria\/wp-content\/uploads\/2022\/05\/juan-de-dios-1.jpg\" alt=\"\" class=\"wp-image-2427\" srcset=\"https:\/\/www.imdhd.org\/dignificando-la-memoria\/wp-content\/uploads\/2022\/05\/juan-de-dios-1.jpg 792w, https:\/\/www.imdhd.org\/dignificando-la-memoria\/wp-content\/uploads\/2022\/05\/juan-de-dios-1-248x300.jpg 248w, https:\/\/www.imdhd.org\/dignificando-la-memoria\/wp-content\/uploads\/2022\/05\/juan-de-dios-1-768x931.jpg 768w\" sizes=\"auto, (max-width: 792px) 100vw, 792px\" \/><\/a><\/figure>\n<\/figure>\n","protected":false},"excerpt":{"rendered":"<p>\u201cMis padres no tuvieron la oportunidad de estudiar, porque la infancia de ellos fue muy pobre, econ\u00f3mica, social, culturalmente muy pobre, pero eso tambi\u00e9n le dio a mi pap\u00e1 la pauta para so\u00f1ar en que yo pudiera estudiar\u201d. Mar\u00eda Luisa N\u00fa\u00f1ez Barojas, nos cuenta sobre ella, sobre su origen, su familia y su profesi\u00f3n. Mar\u00eda [&hellip;]<\/p>\n","protected":false},"author":1,"featured_media":90,"comment_status":"closed","ping_status":"closed","sticky":false,"template":"","format":"standard","meta":{"_coblocks_attr":"","_coblocks_dimensions":"","_coblocks_responsive_height":"","_coblocks_accordion_ie_support":"","ub_ctt_via":"","footnotes":""},"categories":[3,5],"tags":[],"class_list":["post-2424","post","type-post","status-publish","format-standard","has-post-thumbnail","hentry","category-memorias","category-memorias-puebla"],"acf":[],"featured_image_src":"https:\/\/www.imdhd.org\/dignificando-la-memoria\/wp-content\/uploads\/2021\/07\/banner-testimonios.svg","author_info":{"display_name":"admin","author_link":"https:\/\/www.imdhd.org\/dignificando-la-memoria\/author\/admin\/"},"yoast_head":"<!-- This site is optimized with the Yoast SEO plugin v21.8 - https:\/\/yoast.com\/wordpress\/plugins\/seo\/ -->\n<title>Juan de Dios Nu\u00f1ez Barojas - Dignificando la Memoria<\/title>\n<meta name=\"robots\" content=\"index, follow, max-snippet:-1, max-image-preview:large, max-video-preview:-1\" \/>\n<link rel=\"canonical\" href=\"https:\/\/www.imdhd.org\/dignificando-la-memoria\/memorias\/juan-de-dios-nunez-barojas\/\" \/>\n<meta property=\"og:locale\" content=\"es_ES\" \/>\n<meta property=\"og:type\" content=\"article\" \/>\n<meta property=\"og:title\" content=\"Juan de Dios Nu\u00f1ez Barojas - Dignificando la Memoria\" \/>\n<meta property=\"og:description\" content=\"\u201cMis padres no tuvieron la oportunidad de estudiar, porque la infancia de ellos fue muy pobre, econ\u00f3mica, social, culturalmente muy pobre, pero eso tambi\u00e9n le dio a mi pap\u00e1 la pauta para so\u00f1ar en que yo pudiera estudiar\u201d. Mar\u00eda Luisa N\u00fa\u00f1ez Barojas, nos cuenta sobre ella, sobre su origen, su familia y su profesi\u00f3n. Mar\u00eda [&hellip;]\" \/>\n<meta property=\"og:url\" content=\"https:\/\/www.imdhd.org\/dignificando-la-memoria\/memorias\/juan-de-dios-nunez-barojas\/\" \/>\n<meta property=\"og:site_name\" content=\"Dignificando la Memoria\" \/>\n<meta property=\"article:published_time\" content=\"2022-05-03T14:31:48+00:00\" \/>\n<meta property=\"article:modified_time\" content=\"2022-05-03T14:36:54+00:00\" \/>\n<meta name=\"author\" content=\"admin\" \/>\n<meta name=\"twitter:card\" content=\"summary_large_image\" \/>\n<meta name=\"twitter:image\" content=\"https:\/\/www.imdhd.org\/dignificando-la-memoria\/wp-content\/uploads\/2021\/07\/banner-testimonios.svg\" \/>\n<meta name=\"twitter:label1\" content=\"Escrito por\" \/>\n\t<meta name=\"twitter:data1\" content=\"admin\" \/>\n\t<meta name=\"twitter:label2\" content=\"Tiempo de lectura\" \/>\n\t<meta name=\"twitter:data2\" content=\"3 minutos\" \/>\n<script type=\"application\/ld+json\" class=\"yoast-schema-graph\">{\"@context\":\"https:\/\/schema.org\",\"@graph\":[{\"@type\":\"Article\",\"@id\":\"https:\/\/www.imdhd.org\/dignificando-la-memoria\/memorias\/juan-de-dios-nunez-barojas\/#article\",\"isPartOf\":{\"@id\":\"https:\/\/www.imdhd.org\/dignificando-la-memoria\/memorias\/juan-de-dios-nunez-barojas\/\"},\"author\":{\"name\":\"admin\",\"@id\":\"http:\/\/www.imdhd.org\/dignificando-la-memoria\/#\/schema\/person\/fc1a5e3d6a3e4277042ef4db3a951d0b\"},\"headline\":\"Juan de Dios Nu\u00f1ez Barojas\",\"datePublished\":\"2022-05-03T14:31:48+00:00\",\"dateModified\":\"2022-05-03T14:36:54+00:00\",\"mainEntityOfPage\":{\"@id\":\"https:\/\/www.imdhd.org\/dignificando-la-memoria\/memorias\/juan-de-dios-nunez-barojas\/\"},\"wordCount\":655,\"publisher\":{\"@id\":\"http:\/\/www.imdhd.org\/dignificando-la-memoria\/#organization\"},\"articleSection\":[\"Memorias\",\"Memorias Puebla\"],\"inLanguage\":\"es\"},{\"@type\":\"WebPage\",\"@id\":\"https:\/\/www.imdhd.org\/dignificando-la-memoria\/memorias\/juan-de-dios-nunez-barojas\/\",\"url\":\"https:\/\/www.imdhd.org\/dignificando-la-memoria\/memorias\/juan-de-dios-nunez-barojas\/\",\"name\":\"Juan de Dios Nu\u00f1ez Barojas - Dignificando la Memoria\",\"isPartOf\":{\"@id\":\"http:\/\/www.imdhd.org\/dignificando-la-memoria\/#website\"},\"datePublished\":\"2022-05-03T14:31:48+00:00\",\"dateModified\":\"2022-05-03T14:36:54+00:00\",\"breadcrumb\":{\"@id\":\"https:\/\/www.imdhd.org\/dignificando-la-memoria\/memorias\/juan-de-dios-nunez-barojas\/#breadcrumb\"},\"inLanguage\":\"es\",\"potentialAction\":[{\"@type\":\"ReadAction\",\"target\":[\"https:\/\/www.imdhd.org\/dignificando-la-memoria\/memorias\/juan-de-dios-nunez-barojas\/\"]}]},{\"@type\":\"BreadcrumbList\",\"@id\":\"https:\/\/www.imdhd.org\/dignificando-la-memoria\/memorias\/juan-de-dios-nunez-barojas\/#breadcrumb\",\"itemListElement\":[{\"@type\":\"ListItem\",\"position\":1,\"name\":\"Portada\",\"item\":\"http:\/\/www.imdhd.org\/dignificando-la-memoria\/\"},{\"@type\":\"ListItem\",\"position\":2,\"name\":\"Juan de Dios Nu\u00f1ez Barojas\"}]},{\"@type\":\"WebSite\",\"@id\":\"http:\/\/www.imdhd.org\/dignificando-la-memoria\/#website\",\"url\":\"http:\/\/www.imdhd.org\/dignificando-la-memoria\/\",\"name\":\"Dignificando la Memoria\",\"description\":\"Un proyecto que rescata y dignifica la memoria de las personas desaparecidas en M&eacute;xico\",\"publisher\":{\"@id\":\"http:\/\/www.imdhd.org\/dignificando-la-memoria\/#organization\"},\"potentialAction\":[{\"@type\":\"SearchAction\",\"target\":{\"@type\":\"EntryPoint\",\"urlTemplate\":\"http:\/\/www.imdhd.org\/dignificando-la-memoria\/?s={search_term_string}\"},\"query-input\":\"required name=search_term_string\"}],\"inLanguage\":\"es\"},{\"@type\":\"Organization\",\"@id\":\"http:\/\/www.imdhd.org\/dignificando-la-memoria\/#organization\",\"name\":\"Dignificando la Memoria\",\"url\":\"http:\/\/www.imdhd.org\/dignificando-la-memoria\/\",\"logo\":{\"@type\":\"ImageObject\",\"inLanguage\":\"es\",\"@id\":\"http:\/\/www.imdhd.org\/dignificando-la-memoria\/#\/schema\/logo\/image\/\",\"url\":\"https:\/\/www.imdhd.org\/dignificando-la-memoria\/wp-content\/uploads\/2021\/07\/id-dignificando-1.svg\",\"contentUrl\":\"https:\/\/www.imdhd.org\/dignificando-la-memoria\/wp-content\/uploads\/2021\/07\/id-dignificando-1.svg\",\"caption\":\"Dignificando la Memoria\"},\"image\":{\"@id\":\"http:\/\/www.imdhd.org\/dignificando-la-memoria\/#\/schema\/logo\/image\/\"}},{\"@type\":\"Person\",\"@id\":\"http:\/\/www.imdhd.org\/dignificando-la-memoria\/#\/schema\/person\/fc1a5e3d6a3e4277042ef4db3a951d0b\",\"name\":\"admin\",\"image\":{\"@type\":\"ImageObject\",\"inLanguage\":\"es\",\"@id\":\"http:\/\/www.imdhd.org\/dignificando-la-memoria\/#\/schema\/person\/image\/\",\"url\":\"https:\/\/secure.gravatar.com\/avatar\/12fe34de4959513a90310b36a309d41a2f2e8c9dec80cb6efa358434d27149fb?s=96&d=mm&r=g\",\"contentUrl\":\"https:\/\/secure.gravatar.com\/avatar\/12fe34de4959513a90310b36a309d41a2f2e8c9dec80cb6efa358434d27149fb?s=96&d=mm&r=g\",\"caption\":\"admin\"},\"sameAs\":[\"https:\/\/www.imdhd.org\/dignificando-la-memoria\"],\"url\":\"https:\/\/www.imdhd.org\/dignificando-la-memoria\/author\/admin\/\"}]}<\/script>\n<!-- \/ Yoast SEO plugin. -->","yoast_head_json":{"title":"Juan de Dios Nu\u00f1ez Barojas - Dignificando la Memoria","robots":{"index":"index","follow":"follow","max-snippet":"max-snippet:-1","max-image-preview":"max-image-preview:large","max-video-preview":"max-video-preview:-1"},"canonical":"https:\/\/www.imdhd.org\/dignificando-la-memoria\/memorias\/juan-de-dios-nunez-barojas\/","og_locale":"es_ES","og_type":"article","og_title":"Juan de Dios Nu\u00f1ez Barojas - Dignificando la Memoria","og_description":"\u201cMis padres no tuvieron la oportunidad de estudiar, porque la infancia de ellos fue muy pobre, econ\u00f3mica, social, culturalmente muy pobre, pero eso tambi\u00e9n le dio a mi pap\u00e1 la pauta para so\u00f1ar en que yo pudiera estudiar\u201d. Mar\u00eda Luisa N\u00fa\u00f1ez Barojas, nos cuenta sobre ella, sobre su origen, su familia y su profesi\u00f3n. Mar\u00eda [&hellip;]","og_url":"https:\/\/www.imdhd.org\/dignificando-la-memoria\/memorias\/juan-de-dios-nunez-barojas\/","og_site_name":"Dignificando la Memoria","article_published_time":"2022-05-03T14:31:48+00:00","article_modified_time":"2022-05-03T14:36:54+00:00","author":"admin","twitter_card":"summary_large_image","twitter_image":"https:\/\/www.imdhd.org\/dignificando-la-memoria\/wp-content\/uploads\/2021\/07\/banner-testimonios.svg","twitter_misc":{"Escrito por":"admin","Tiempo de lectura":"3 minutos"},"schema":{"@context":"https:\/\/schema.org","@graph":[{"@type":"Article","@id":"https:\/\/www.imdhd.org\/dignificando-la-memoria\/memorias\/juan-de-dios-nunez-barojas\/#article","isPartOf":{"@id":"https:\/\/www.imdhd.org\/dignificando-la-memoria\/memorias\/juan-de-dios-nunez-barojas\/"},"author":{"name":"admin","@id":"http:\/\/www.imdhd.org\/dignificando-la-memoria\/#\/schema\/person\/fc1a5e3d6a3e4277042ef4db3a951d0b"},"headline":"Juan de Dios Nu\u00f1ez Barojas","datePublished":"2022-05-03T14:31:48+00:00","dateModified":"2022-05-03T14:36:54+00:00","mainEntityOfPage":{"@id":"https:\/\/www.imdhd.org\/dignificando-la-memoria\/memorias\/juan-de-dios-nunez-barojas\/"},"wordCount":655,"publisher":{"@id":"http:\/\/www.imdhd.org\/dignificando-la-memoria\/#organization"},"articleSection":["Memorias","Memorias Puebla"],"inLanguage":"es"},{"@type":"WebPage","@id":"https:\/\/www.imdhd.org\/dignificando-la-memoria\/memorias\/juan-de-dios-nunez-barojas\/","url":"https:\/\/www.imdhd.org\/dignificando-la-memoria\/memorias\/juan-de-dios-nunez-barojas\/","name":"Juan de Dios Nu\u00f1ez Barojas - Dignificando la Memoria","isPartOf":{"@id":"http:\/\/www.imdhd.org\/dignificando-la-memoria\/#website"},"datePublished":"2022-05-03T14:31:48+00:00","dateModified":"2022-05-03T14:36:54+00:00","breadcrumb":{"@id":"https:\/\/www.imdhd.org\/dignificando-la-memoria\/memorias\/juan-de-dios-nunez-barojas\/#breadcrumb"},"inLanguage":"es","potentialAction":[{"@type":"ReadAction","target":["https:\/\/www.imdhd.org\/dignificando-la-memoria\/memorias\/juan-de-dios-nunez-barojas\/"]}]},{"@type":"BreadcrumbList","@id":"https:\/\/www.imdhd.org\/dignificando-la-memoria\/memorias\/juan-de-dios-nunez-barojas\/#breadcrumb","itemListElement":[{"@type":"ListItem","position":1,"name":"Portada","item":"http:\/\/www.imdhd.org\/dignificando-la-memoria\/"},{"@type":"ListItem","position":2,"name":"Juan de Dios Nu\u00f1ez Barojas"}]},{"@type":"WebSite","@id":"http:\/\/www.imdhd.org\/dignificando-la-memoria\/#website","url":"http:\/\/www.imdhd.org\/dignificando-la-memoria\/","name":"Dignificando la Memoria","description":"Un proyecto que rescata y dignifica la memoria de las personas desaparecidas en M&eacute;xico","publisher":{"@id":"http:\/\/www.imdhd.org\/dignificando-la-memoria\/#organization"},"potentialAction":[{"@type":"SearchAction","target":{"@type":"EntryPoint","urlTemplate":"http:\/\/www.imdhd.org\/dignificando-la-memoria\/?s={search_term_string}"},"query-input":"required name=search_term_string"}],"inLanguage":"es"},{"@type":"Organization","@id":"http:\/\/www.imdhd.org\/dignificando-la-memoria\/#organization","name":"Dignificando la Memoria","url":"http:\/\/www.imdhd.org\/dignificando-la-memoria\/","logo":{"@type":"ImageObject","inLanguage":"es","@id":"http:\/\/www.imdhd.org\/dignificando-la-memoria\/#\/schema\/logo\/image\/","url":"https:\/\/www.imdhd.org\/dignificando-la-memoria\/wp-content\/uploads\/2021\/07\/id-dignificando-1.svg","contentUrl":"https:\/\/www.imdhd.org\/dignificando-la-memoria\/wp-content\/uploads\/2021\/07\/id-dignificando-1.svg","caption":"Dignificando la Memoria"},"image":{"@id":"http:\/\/www.imdhd.org\/dignificando-la-memoria\/#\/schema\/logo\/image\/"}},{"@type":"Person","@id":"http:\/\/www.imdhd.org\/dignificando-la-memoria\/#\/schema\/person\/fc1a5e3d6a3e4277042ef4db3a951d0b","name":"admin","image":{"@type":"ImageObject","inLanguage":"es","@id":"http:\/\/www.imdhd.org\/dignificando-la-memoria\/#\/schema\/person\/image\/","url":"https:\/\/secure.gravatar.com\/avatar\/12fe34de4959513a90310b36a309d41a2f2e8c9dec80cb6efa358434d27149fb?s=96&d=mm&r=g","contentUrl":"https:\/\/secure.gravatar.com\/avatar\/12fe34de4959513a90310b36a309d41a2f2e8c9dec80cb6efa358434d27149fb?s=96&d=mm&r=g","caption":"admin"},"sameAs":["https:\/\/www.imdhd.org\/dignificando-la-memoria"],"url":"https:\/\/www.imdhd.org\/dignificando-la-memoria\/author\/admin\/"}]}},"_links":{"self":[{"href":"https:\/\/www.imdhd.org\/dignificando-la-memoria\/wp-json\/wp\/v2\/posts\/2424","targetHints":{"allow":["GET"]}}],"collection":[{"href":"https:\/\/www.imdhd.org\/dignificando-la-memoria\/wp-json\/wp\/v2\/posts"}],"about":[{"href":"https:\/\/www.imdhd.org\/dignificando-la-memoria\/wp-json\/wp\/v2\/types\/post"}],"author":[{"embeddable":true,"href":"https:\/\/www.imdhd.org\/dignificando-la-memoria\/wp-json\/wp\/v2\/users\/1"}],"replies":[{"embeddable":true,"href":"https:\/\/www.imdhd.org\/dignificando-la-memoria\/wp-json\/wp\/v2\/comments?post=2424"}],"version-history":[{"count":6,"href":"https:\/\/www.imdhd.org\/dignificando-la-memoria\/wp-json\/wp\/v2\/posts\/2424\/revisions"}],"predecessor-version":[{"id":2434,"href":"https:\/\/www.imdhd.org\/dignificando-la-memoria\/wp-json\/wp\/v2\/posts\/2424\/revisions\/2434"}],"wp:featuredmedia":[{"embeddable":true,"href":"https:\/\/www.imdhd.org\/dignificando-la-memoria\/wp-json\/wp\/v2\/media\/90"}],"wp:attachment":[{"href":"https:\/\/www.imdhd.org\/dignificando-la-memoria\/wp-json\/wp\/v2\/media?parent=2424"}],"wp:term":[{"taxonomy":"category","embeddable":true,"href":"https:\/\/www.imdhd.org\/dignificando-la-memoria\/wp-json\/wp\/v2\/categories?post=2424"},{"taxonomy":"post_tag","embeddable":true,"href":"https:\/\/www.imdhd.org\/dignificando-la-memoria\/wp-json\/wp\/v2\/tags?post=2424"}],"curies":[{"name":"wp","href":"https:\/\/api.w.org\/{rel}","templated":true}]}}