{"id":435,"date":"2021-10-27T16:11:46","date_gmt":"2021-10-27T16:11:46","guid":{"rendered":"https:\/\/www.imdhd.org\/dignificando-la-memoria\/?p=435"},"modified":"2021-10-27T23:42:40","modified_gmt":"2021-10-27T23:42:40","slug":"angel-raymundo-castro-ortiz","status":"publish","type":"post","link":"https:\/\/www.imdhd.org\/dignificando-la-memoria\/memorias\/memorias-veracruz\/angel-raymundo-castro-ortiz\/","title":{"rendered":"\u00c1ngel Raymundo Castro Ortiz"},"content":{"rendered":"\n<blockquote class=\"wp-block-quote is-layout-flow wp-block-quote-is-layout-flow\"><p>Desde ese momento nosotros fuimos con los militares que en ese tiempo estaban en Papantla por un evento que hab\u00eda. Les pedimos de favor que si los hab\u00edan visto y nos dijeron que si lo ve\u00edan nos iban a avisar. El d\u00eda 18 fuimos a poner la denuncia a la Fiscal\u00eda y no fuimos atendidos, \u00bfpor qu\u00e9? porque no llev\u00e1bamos un licenciado, porque no nos quisieron tomar la declaraci\u00f3n. Fue hasta el d\u00eda 19 que nos quisieron tomaron la declaraci\u00f3n y nos dijeron que si sab\u00edan algo nos iban a buscar, lo cual hasta la fecha nunca nos han dicho nada.<\/p><\/blockquote>\n\n\n\n<figure class=\"wp-block-embed is-type-video is-provider-youtube wp-block-embed-youtube wp-embed-aspect-16-9 wp-has-aspect-ratio\"><div class=\"wp-block-embed__wrapper\">\n<iframe loading=\"lazy\" title=\"A\u0301ngel Raymundo Castro Ortiz\" width=\"500\" height=\"281\" src=\"https:\/\/www.youtube.com\/embed\/NHiPaIyImhE?feature=oembed\" frameborder=\"0\" allow=\"accelerometer; autoplay; clipboard-write; encrypted-media; gyroscope; picture-in-picture; web-share\" referrerpolicy=\"strict-origin-when-cross-origin\" allowfullscreen><\/iframe>\n<\/div><\/figure>\n","protected":false},"excerpt":{"rendered":"<p>Desde ese momento nosotros fuimos con los militares que en ese tiempo estaban en Papantla por un evento que hab\u00eda. Les pedimos de favor que si los hab\u00edan visto y nos dijeron que si lo ve\u00edan nos iban a avisar. El d\u00eda 18 fuimos a poner la denuncia a la Fiscal\u00eda y no fuimos atendidos, [&hellip;]<\/p>\n","protected":false},"author":1,"featured_media":90,"comment_status":"open","ping_status":"open","sticky":false,"template":"","format":"standard","meta":{"_coblocks_attr":"","_coblocks_dimensions":"","_coblocks_responsive_height":"","_coblocks_accordion_ie_support":"","ub_ctt_via":"","footnotes":""},"categories":[4],"tags":[],"class_list":["post-435","post","type-post","status-publish","format-standard","has-post-thumbnail","hentry","category-memorias-veracruz"],"acf":[],"featured_image_src":"https:\/\/www.imdhd.org\/dignificando-la-memoria\/wp-content\/uploads\/2021\/07\/banner-testimonios.svg","author_info":{"display_name":"admin","author_link":"https:\/\/www.imdhd.org\/dignificando-la-memoria\/author\/admin\/"},"yoast_head":"<!-- This site is optimized with the Yoast SEO plugin v21.8 - https:\/\/yoast.com\/wordpress\/plugins\/seo\/ -->\n<title>\u00c1ngel Raymundo Castro Ortiz - Dignificando la Memoria<\/title>\n<meta name=\"robots\" content=\"index, follow, max-snippet:-1, max-image-preview:large, max-video-preview:-1\" \/>\n<link rel=\"canonical\" href=\"http:\/\/www.imdhd.org\/dignificando-la-memoria\/memorias\/memorias-veracruz\/angel-raymundo-castro-ortiz\/\" \/>\n<meta property=\"og:locale\" content=\"es_ES\" \/>\n<meta property=\"og:type\" content=\"article\" \/>\n<meta property=\"og:title\" content=\"\u00c1ngel Raymundo Castro Ortiz - Dignificando la Memoria\" \/>\n<meta property=\"og:description\" content=\"Desde ese momento nosotros fuimos con los militares que en ese tiempo estaban en Papantla por un evento que hab\u00eda. Les pedimos de favor que si los hab\u00edan visto y nos dijeron que si lo ve\u00edan nos iban a avisar. El d\u00eda 18 fuimos a poner la denuncia a la Fiscal\u00eda y no fuimos atendidos, [&hellip;]\" \/>\n<meta property=\"og:url\" content=\"http:\/\/www.imdhd.org\/dignificando-la-memoria\/memorias\/memorias-veracruz\/angel-raymundo-castro-ortiz\/\" \/>\n<meta property=\"og:site_name\" content=\"Dignificando la Memoria\" \/>\n<meta property=\"article:published_time\" content=\"2021-10-27T16:11:46+00:00\" \/>\n<meta property=\"article:modified_time\" content=\"2021-10-27T23:42:40+00:00\" \/>\n<meta name=\"author\" content=\"admin\" \/>\n<meta name=\"twitter:card\" content=\"summary_large_image\" \/>\n<meta name=\"twitter:image\" content=\"https:\/\/www.imdhd.org\/dignificando-la-memoria\/wp-content\/uploads\/2021\/07\/banner-testimonios.svg\" \/>\n<meta name=\"twitter:label1\" content=\"Escrito por\" \/>\n\t<meta name=\"twitter:data1\" content=\"admin\" \/>\n\t<meta name=\"twitter:label2\" content=\"Tiempo de lectura\" \/>\n\t<meta name=\"twitter:data2\" content=\"1 minuto\" \/>\n<script type=\"application\/ld+json\" class=\"yoast-schema-graph\">{\"@context\":\"https:\/\/schema.org\",\"@graph\":[{\"@type\":\"Article\",\"@id\":\"http:\/\/www.imdhd.org\/dignificando-la-memoria\/memorias\/memorias-veracruz\/angel-raymundo-castro-ortiz\/#article\",\"isPartOf\":{\"@id\":\"http:\/\/www.imdhd.org\/dignificando-la-memoria\/memorias\/memorias-veracruz\/angel-raymundo-castro-ortiz\/\"},\"author\":{\"name\":\"admin\",\"@id\":\"http:\/\/www.imdhd.org\/dignificando-la-memoria\/#\/schema\/person\/fc1a5e3d6a3e4277042ef4db3a951d0b\"},\"headline\":\"\u00c1ngel Raymundo Castro Ortiz\",\"datePublished\":\"2021-10-27T16:11:46+00:00\",\"dateModified\":\"2021-10-27T23:42:40+00:00\",\"mainEntityOfPage\":{\"@id\":\"http:\/\/www.imdhd.org\/dignificando-la-memoria\/memorias\/memorias-veracruz\/angel-raymundo-castro-ortiz\/\"},\"wordCount\":117,\"commentCount\":0,\"publisher\":{\"@id\":\"http:\/\/www.imdhd.org\/dignificando-la-memoria\/#organization\"},\"articleSection\":[\"Memorias Veracruz\"],\"inLanguage\":\"es\",\"potentialAction\":[{\"@type\":\"CommentAction\",\"name\":\"Comment\",\"target\":[\"http:\/\/www.imdhd.org\/dignificando-la-memoria\/memorias\/memorias-veracruz\/angel-raymundo-castro-ortiz\/#respond\"]}]},{\"@type\":\"WebPage\",\"@id\":\"http:\/\/www.imdhd.org\/dignificando-la-memoria\/memorias\/memorias-veracruz\/angel-raymundo-castro-ortiz\/\",\"url\":\"http:\/\/www.imdhd.org\/dignificando-la-memoria\/memorias\/memorias-veracruz\/angel-raymundo-castro-ortiz\/\",\"name\":\"\u00c1ngel Raymundo Castro Ortiz - Dignificando la Memoria\",\"isPartOf\":{\"@id\":\"http:\/\/www.imdhd.org\/dignificando-la-memoria\/#website\"},\"datePublished\":\"2021-10-27T16:11:46+00:00\",\"dateModified\":\"2021-10-27T23:42:40+00:00\",\"breadcrumb\":{\"@id\":\"http:\/\/www.imdhd.org\/dignificando-la-memoria\/memorias\/memorias-veracruz\/angel-raymundo-castro-ortiz\/#breadcrumb\"},\"inLanguage\":\"es\",\"potentialAction\":[{\"@type\":\"ReadAction\",\"target\":[\"http:\/\/www.imdhd.org\/dignificando-la-memoria\/memorias\/memorias-veracruz\/angel-raymundo-castro-ortiz\/\"]}]},{\"@type\":\"BreadcrumbList\",\"@id\":\"http:\/\/www.imdhd.org\/dignificando-la-memoria\/memorias\/memorias-veracruz\/angel-raymundo-castro-ortiz\/#breadcrumb\",\"itemListElement\":[{\"@type\":\"ListItem\",\"position\":1,\"name\":\"Portada\",\"item\":\"http:\/\/www.imdhd.org\/dignificando-la-memoria\/\"},{\"@type\":\"ListItem\",\"position\":2,\"name\":\"\u00c1ngel Raymundo Castro Ortiz\"}]},{\"@type\":\"WebSite\",\"@id\":\"http:\/\/www.imdhd.org\/dignificando-la-memoria\/#website\",\"url\":\"http:\/\/www.imdhd.org\/dignificando-la-memoria\/\",\"name\":\"Dignificando la Memoria\",\"description\":\"Un proyecto que rescata y dignifica la memoria de las personas desaparecidas en M&eacute;xico\",\"publisher\":{\"@id\":\"http:\/\/www.imdhd.org\/dignificando-la-memoria\/#organization\"},\"potentialAction\":[{\"@type\":\"SearchAction\",\"target\":{\"@type\":\"EntryPoint\",\"urlTemplate\":\"http:\/\/www.imdhd.org\/dignificando-la-memoria\/?s={search_term_string}\"},\"query-input\":\"required name=search_term_string\"}],\"inLanguage\":\"es\"},{\"@type\":\"Organization\",\"@id\":\"http:\/\/www.imdhd.org\/dignificando-la-memoria\/#organization\",\"name\":\"Dignificando la Memoria\",\"url\":\"http:\/\/www.imdhd.org\/dignificando-la-memoria\/\",\"logo\":{\"@type\":\"ImageObject\",\"inLanguage\":\"es\",\"@id\":\"http:\/\/www.imdhd.org\/dignificando-la-memoria\/#\/schema\/logo\/image\/\",\"url\":\"https:\/\/www.imdhd.org\/dignificando-la-memoria\/wp-content\/uploads\/2021\/07\/id-dignificando-1.svg\",\"contentUrl\":\"https:\/\/www.imdhd.org\/dignificando-la-memoria\/wp-content\/uploads\/2021\/07\/id-dignificando-1.svg\",\"caption\":\"Dignificando la Memoria\"},\"image\":{\"@id\":\"http:\/\/www.imdhd.org\/dignificando-la-memoria\/#\/schema\/logo\/image\/\"}},{\"@type\":\"Person\",\"@id\":\"http:\/\/www.imdhd.org\/dignificando-la-memoria\/#\/schema\/person\/fc1a5e3d6a3e4277042ef4db3a951d0b\",\"name\":\"admin\",\"image\":{\"@type\":\"ImageObject\",\"inLanguage\":\"es\",\"@id\":\"http:\/\/www.imdhd.org\/dignificando-la-memoria\/#\/schema\/person\/image\/\",\"url\":\"https:\/\/secure.gravatar.com\/avatar\/12fe34de4959513a90310b36a309d41a2f2e8c9dec80cb6efa358434d27149fb?s=96&d=mm&r=g\",\"contentUrl\":\"https:\/\/secure.gravatar.com\/avatar\/12fe34de4959513a90310b36a309d41a2f2e8c9dec80cb6efa358434d27149fb?s=96&d=mm&r=g\",\"caption\":\"admin\"},\"sameAs\":[\"https:\/\/www.imdhd.org\/dignificando-la-memoria\"],\"url\":\"https:\/\/www.imdhd.org\/dignificando-la-memoria\/author\/admin\/\"}]}<\/script>\n<!-- \/ Yoast SEO plugin. -->","yoast_head_json":{"title":"\u00c1ngel Raymundo Castro Ortiz - Dignificando la Memoria","robots":{"index":"index","follow":"follow","max-snippet":"max-snippet:-1","max-image-preview":"max-image-preview:large","max-video-preview":"max-video-preview:-1"},"canonical":"http:\/\/www.imdhd.org\/dignificando-la-memoria\/memorias\/memorias-veracruz\/angel-raymundo-castro-ortiz\/","og_locale":"es_ES","og_type":"article","og_title":"\u00c1ngel Raymundo Castro Ortiz - Dignificando la Memoria","og_description":"Desde ese momento nosotros fuimos con los militares que en ese tiempo estaban en Papantla por un evento que hab\u00eda. Les pedimos de favor que si los hab\u00edan visto y nos dijeron que si lo ve\u00edan nos iban a avisar. El d\u00eda 18 fuimos a poner la denuncia a la Fiscal\u00eda y no fuimos atendidos, [&hellip;]","og_url":"http:\/\/www.imdhd.org\/dignificando-la-memoria\/memorias\/memorias-veracruz\/angel-raymundo-castro-ortiz\/","og_site_name":"Dignificando la Memoria","article_published_time":"2021-10-27T16:11:46+00:00","article_modified_time":"2021-10-27T23:42:40+00:00","author":"admin","twitter_card":"summary_large_image","twitter_image":"https:\/\/www.imdhd.org\/dignificando-la-memoria\/wp-content\/uploads\/2021\/07\/banner-testimonios.svg","twitter_misc":{"Escrito por":"admin","Tiempo de lectura":"1 minuto"},"schema":{"@context":"https:\/\/schema.org","@graph":[{"@type":"Article","@id":"http:\/\/www.imdhd.org\/dignificando-la-memoria\/memorias\/memorias-veracruz\/angel-raymundo-castro-ortiz\/#article","isPartOf":{"@id":"http:\/\/www.imdhd.org\/dignificando-la-memoria\/memorias\/memorias-veracruz\/angel-raymundo-castro-ortiz\/"},"author":{"name":"admin","@id":"http:\/\/www.imdhd.org\/dignificando-la-memoria\/#\/schema\/person\/fc1a5e3d6a3e4277042ef4db3a951d0b"},"headline":"\u00c1ngel Raymundo Castro Ortiz","datePublished":"2021-10-27T16:11:46+00:00","dateModified":"2021-10-27T23:42:40+00:00","mainEntityOfPage":{"@id":"http:\/\/www.imdhd.org\/dignificando-la-memoria\/memorias\/memorias-veracruz\/angel-raymundo-castro-ortiz\/"},"wordCount":117,"commentCount":0,"publisher":{"@id":"http:\/\/www.imdhd.org\/dignificando-la-memoria\/#organization"},"articleSection":["Memorias Veracruz"],"inLanguage":"es","potentialAction":[{"@type":"CommentAction","name":"Comment","target":["http:\/\/www.imdhd.org\/dignificando-la-memoria\/memorias\/memorias-veracruz\/angel-raymundo-castro-ortiz\/#respond"]}]},{"@type":"WebPage","@id":"http:\/\/www.imdhd.org\/dignificando-la-memoria\/memorias\/memorias-veracruz\/angel-raymundo-castro-ortiz\/","url":"http:\/\/www.imdhd.org\/dignificando-la-memoria\/memorias\/memorias-veracruz\/angel-raymundo-castro-ortiz\/","name":"\u00c1ngel Raymundo Castro Ortiz - Dignificando la Memoria","isPartOf":{"@id":"http:\/\/www.imdhd.org\/dignificando-la-memoria\/#website"},"datePublished":"2021-10-27T16:11:46+00:00","dateModified":"2021-10-27T23:42:40+00:00","breadcrumb":{"@id":"http:\/\/www.imdhd.org\/dignificando-la-memoria\/memorias\/memorias-veracruz\/angel-raymundo-castro-ortiz\/#breadcrumb"},"inLanguage":"es","potentialAction":[{"@type":"ReadAction","target":["http:\/\/www.imdhd.org\/dignificando-la-memoria\/memorias\/memorias-veracruz\/angel-raymundo-castro-ortiz\/"]}]},{"@type":"BreadcrumbList","@id":"http:\/\/www.imdhd.org\/dignificando-la-memoria\/memorias\/memorias-veracruz\/angel-raymundo-castro-ortiz\/#breadcrumb","itemListElement":[{"@type":"ListItem","position":1,"name":"Portada","item":"http:\/\/www.imdhd.org\/dignificando-la-memoria\/"},{"@type":"ListItem","position":2,"name":"\u00c1ngel Raymundo Castro Ortiz"}]},{"@type":"WebSite","@id":"http:\/\/www.imdhd.org\/dignificando-la-memoria\/#website","url":"http:\/\/www.imdhd.org\/dignificando-la-memoria\/","name":"Dignificando la Memoria","description":"Un proyecto que rescata y dignifica la memoria de las personas desaparecidas en M&eacute;xico","publisher":{"@id":"http:\/\/www.imdhd.org\/dignificando-la-memoria\/#organization"},"potentialAction":[{"@type":"SearchAction","target":{"@type":"EntryPoint","urlTemplate":"http:\/\/www.imdhd.org\/dignificando-la-memoria\/?s={search_term_string}"},"query-input":"required name=search_term_string"}],"inLanguage":"es"},{"@type":"Organization","@id":"http:\/\/www.imdhd.org\/dignificando-la-memoria\/#organization","name":"Dignificando la Memoria","url":"http:\/\/www.imdhd.org\/dignificando-la-memoria\/","logo":{"@type":"ImageObject","inLanguage":"es","@id":"http:\/\/www.imdhd.org\/dignificando-la-memoria\/#\/schema\/logo\/image\/","url":"https:\/\/www.imdhd.org\/dignificando-la-memoria\/wp-content\/uploads\/2021\/07\/id-dignificando-1.svg","contentUrl":"https:\/\/www.imdhd.org\/dignificando-la-memoria\/wp-content\/uploads\/2021\/07\/id-dignificando-1.svg","caption":"Dignificando la Memoria"},"image":{"@id":"http:\/\/www.imdhd.org\/dignificando-la-memoria\/#\/schema\/logo\/image\/"}},{"@type":"Person","@id":"http:\/\/www.imdhd.org\/dignificando-la-memoria\/#\/schema\/person\/fc1a5e3d6a3e4277042ef4db3a951d0b","name":"admin","image":{"@type":"ImageObject","inLanguage":"es","@id":"http:\/\/www.imdhd.org\/dignificando-la-memoria\/#\/schema\/person\/image\/","url":"https:\/\/secure.gravatar.com\/avatar\/12fe34de4959513a90310b36a309d41a2f2e8c9dec80cb6efa358434d27149fb?s=96&d=mm&r=g","contentUrl":"https:\/\/secure.gravatar.com\/avatar\/12fe34de4959513a90310b36a309d41a2f2e8c9dec80cb6efa358434d27149fb?s=96&d=mm&r=g","caption":"admin"},"sameAs":["https:\/\/www.imdhd.org\/dignificando-la-memoria"],"url":"https:\/\/www.imdhd.org\/dignificando-la-memoria\/author\/admin\/"}]}},"_links":{"self":[{"href":"https:\/\/www.imdhd.org\/dignificando-la-memoria\/wp-json\/wp\/v2\/posts\/435","targetHints":{"allow":["GET"]}}],"collection":[{"href":"https:\/\/www.imdhd.org\/dignificando-la-memoria\/wp-json\/wp\/v2\/posts"}],"about":[{"href":"https:\/\/www.imdhd.org\/dignificando-la-memoria\/wp-json\/wp\/v2\/types\/post"}],"author":[{"embeddable":true,"href":"https:\/\/www.imdhd.org\/dignificando-la-memoria\/wp-json\/wp\/v2\/users\/1"}],"replies":[{"embeddable":true,"href":"https:\/\/www.imdhd.org\/dignificando-la-memoria\/wp-json\/wp\/v2\/comments?post=435"}],"version-history":[{"count":3,"href":"https:\/\/www.imdhd.org\/dignificando-la-memoria\/wp-json\/wp\/v2\/posts\/435\/revisions"}],"predecessor-version":[{"id":859,"href":"https:\/\/www.imdhd.org\/dignificando-la-memoria\/wp-json\/wp\/v2\/posts\/435\/revisions\/859"}],"wp:featuredmedia":[{"embeddable":true,"href":"https:\/\/www.imdhd.org\/dignificando-la-memoria\/wp-json\/wp\/v2\/media\/90"}],"wp:attachment":[{"href":"https:\/\/www.imdhd.org\/dignificando-la-memoria\/wp-json\/wp\/v2\/media?parent=435"}],"wp:term":[{"taxonomy":"category","embeddable":true,"href":"https:\/\/www.imdhd.org\/dignificando-la-memoria\/wp-json\/wp\/v2\/categories?post=435"},{"taxonomy":"post_tag","embeddable":true,"href":"https:\/\/www.imdhd.org\/dignificando-la-memoria\/wp-json\/wp\/v2\/tags?post=435"}],"curies":[{"name":"wp","href":"https:\/\/api.w.org\/{rel}","templated":true}]}}