{"id":658,"date":"2021-10-27T16:43:59","date_gmt":"2021-10-27T16:43:59","guid":{"rendered":"https:\/\/www.imdhd.org\/dignificando-la-memoria\/?p=658"},"modified":"2021-10-27T23:47:17","modified_gmt":"2021-10-27T23:47:17","slug":"artemio","status":"publish","type":"post","link":"https:\/\/www.imdhd.org\/dignificando-la-memoria\/memorias\/memorias-veracruz\/artemio\/","title":{"rendered":"Artemio"},"content":{"rendered":"\n<blockquote class=\"wp-block-quote is-layout-flow wp-block-quote-is-layout-flow\"><p>En su voz ya se o\u00eda cansada, se o\u00eda muy agotada y quer\u00eda dec\u00eda que entreg\u00e1ramos el dinero porque lo iban a matar le 1 iban a dar en la madre. En si yo tengo en mi tel\u00e9fono unos audios donde \u00e9l pide que llevemos el dinero, lo llevamos pero no fueron por \u00e9l no fueron por el dinero no s\u00e9 por qu\u00e9.<\/p><\/blockquote>\n\n\n\n<figure class=\"wp-block-embed is-type-video is-provider-youtube wp-block-embed-youtube wp-embed-aspect-16-9 wp-has-aspect-ratio\"><div class=\"wp-block-embed__wrapper\">\n<iframe loading=\"lazy\" title=\"Artemio\" width=\"500\" height=\"281\" src=\"https:\/\/www.youtube.com\/embed\/nM-G9u2XKd4?feature=oembed\" frameborder=\"0\" allow=\"accelerometer; autoplay; clipboard-write; encrypted-media; gyroscope; picture-in-picture; web-share\" referrerpolicy=\"strict-origin-when-cross-origin\" allowfullscreen><\/iframe>\n<\/div><\/figure>\n","protected":false},"excerpt":{"rendered":"<p>En su voz ya se o\u00eda cansada, se o\u00eda muy agotada y quer\u00eda dec\u00eda que entreg\u00e1ramos el dinero porque lo iban a matar le 1 iban a dar en la madre. En si yo tengo en mi tel\u00e9fono unos audios donde \u00e9l pide que llevemos el dinero, lo llevamos pero no fueron por \u00e9l no [&hellip;]<\/p>\n","protected":false},"author":1,"featured_media":90,"comment_status":"open","ping_status":"open","sticky":false,"template":"","format":"standard","meta":{"_coblocks_attr":"","_coblocks_dimensions":"","_coblocks_responsive_height":"","_coblocks_accordion_ie_support":"","ub_ctt_via":"","footnotes":""},"categories":[4],"tags":[],"class_list":["post-658","post","type-post","status-publish","format-standard","has-post-thumbnail","hentry","category-memorias-veracruz"],"acf":[],"featured_image_src":"https:\/\/www.imdhd.org\/dignificando-la-memoria\/wp-content\/uploads\/2021\/07\/banner-testimonios.svg","author_info":{"display_name":"admin","author_link":"https:\/\/www.imdhd.org\/dignificando-la-memoria\/author\/admin\/"},"yoast_head":"<!-- This site is optimized with the Yoast SEO plugin v21.8 - https:\/\/yoast.com\/wordpress\/plugins\/seo\/ -->\n<title>Artemio - Dignificando la Memoria<\/title>\n<meta name=\"robots\" content=\"index, follow, max-snippet:-1, max-image-preview:large, max-video-preview:-1\" \/>\n<link rel=\"canonical\" href=\"https:\/\/www.imdhd.org\/dignificando-la-memoria\/memorias\/memorias-veracruz\/artemio\/\" \/>\n<meta property=\"og:locale\" content=\"es_ES\" \/>\n<meta property=\"og:type\" content=\"article\" \/>\n<meta property=\"og:title\" content=\"Artemio - Dignificando la Memoria\" \/>\n<meta property=\"og:description\" content=\"En su voz ya se o\u00eda cansada, se o\u00eda muy agotada y quer\u00eda dec\u00eda que entreg\u00e1ramos el dinero porque lo iban a matar le 1 iban a dar en la madre. En si yo tengo en mi tel\u00e9fono unos audios donde \u00e9l pide que llevemos el dinero, lo llevamos pero no fueron por \u00e9l no [&hellip;]\" \/>\n<meta property=\"og:url\" content=\"https:\/\/www.imdhd.org\/dignificando-la-memoria\/memorias\/memorias-veracruz\/artemio\/\" \/>\n<meta property=\"og:site_name\" content=\"Dignificando la Memoria\" \/>\n<meta property=\"article:published_time\" content=\"2021-10-27T16:43:59+00:00\" \/>\n<meta property=\"article:modified_time\" content=\"2021-10-27T23:47:17+00:00\" \/>\n<meta name=\"author\" content=\"admin\" \/>\n<meta name=\"twitter:card\" content=\"summary_large_image\" \/>\n<meta name=\"twitter:image\" content=\"https:\/\/www.imdhd.org\/dignificando-la-memoria\/wp-content\/uploads\/2021\/07\/banner-testimonios.svg\" \/>\n<meta name=\"twitter:label1\" content=\"Escrito por\" \/>\n\t<meta name=\"twitter:data1\" content=\"admin\" \/>\n<script type=\"application\/ld+json\" class=\"yoast-schema-graph\">{\"@context\":\"https:\/\/schema.org\",\"@graph\":[{\"@type\":\"Article\",\"@id\":\"https:\/\/www.imdhd.org\/dignificando-la-memoria\/memorias\/memorias-veracruz\/artemio\/#article\",\"isPartOf\":{\"@id\":\"https:\/\/www.imdhd.org\/dignificando-la-memoria\/memorias\/memorias-veracruz\/artemio\/\"},\"author\":{\"name\":\"admin\",\"@id\":\"http:\/\/www.imdhd.org\/dignificando-la-memoria\/#\/schema\/person\/fc1a5e3d6a3e4277042ef4db3a951d0b\"},\"headline\":\"Artemio\",\"datePublished\":\"2021-10-27T16:43:59+00:00\",\"dateModified\":\"2021-10-27T23:47:17+00:00\",\"mainEntityOfPage\":{\"@id\":\"https:\/\/www.imdhd.org\/dignificando-la-memoria\/memorias\/memorias-veracruz\/artemio\/\"},\"wordCount\":75,\"commentCount\":0,\"publisher\":{\"@id\":\"http:\/\/www.imdhd.org\/dignificando-la-memoria\/#organization\"},\"articleSection\":[\"Memorias Veracruz\"],\"inLanguage\":\"es\",\"potentialAction\":[{\"@type\":\"CommentAction\",\"name\":\"Comment\",\"target\":[\"https:\/\/www.imdhd.org\/dignificando-la-memoria\/memorias\/memorias-veracruz\/artemio\/#respond\"]}]},{\"@type\":\"WebPage\",\"@id\":\"https:\/\/www.imdhd.org\/dignificando-la-memoria\/memorias\/memorias-veracruz\/artemio\/\",\"url\":\"https:\/\/www.imdhd.org\/dignificando-la-memoria\/memorias\/memorias-veracruz\/artemio\/\",\"name\":\"Artemio - Dignificando la Memoria\",\"isPartOf\":{\"@id\":\"http:\/\/www.imdhd.org\/dignificando-la-memoria\/#website\"},\"datePublished\":\"2021-10-27T16:43:59+00:00\",\"dateModified\":\"2021-10-27T23:47:17+00:00\",\"breadcrumb\":{\"@id\":\"https:\/\/www.imdhd.org\/dignificando-la-memoria\/memorias\/memorias-veracruz\/artemio\/#breadcrumb\"},\"inLanguage\":\"es\",\"potentialAction\":[{\"@type\":\"ReadAction\",\"target\":[\"https:\/\/www.imdhd.org\/dignificando-la-memoria\/memorias\/memorias-veracruz\/artemio\/\"]}]},{\"@type\":\"BreadcrumbList\",\"@id\":\"https:\/\/www.imdhd.org\/dignificando-la-memoria\/memorias\/memorias-veracruz\/artemio\/#breadcrumb\",\"itemListElement\":[{\"@type\":\"ListItem\",\"position\":1,\"name\":\"Portada\",\"item\":\"http:\/\/www.imdhd.org\/dignificando-la-memoria\/\"},{\"@type\":\"ListItem\",\"position\":2,\"name\":\"Artemio\"}]},{\"@type\":\"WebSite\",\"@id\":\"http:\/\/www.imdhd.org\/dignificando-la-memoria\/#website\",\"url\":\"http:\/\/www.imdhd.org\/dignificando-la-memoria\/\",\"name\":\"Dignificando la Memoria\",\"description\":\"Un proyecto que rescata y dignifica la memoria de las personas desaparecidas en M&eacute;xico\",\"publisher\":{\"@id\":\"http:\/\/www.imdhd.org\/dignificando-la-memoria\/#organization\"},\"potentialAction\":[{\"@type\":\"SearchAction\",\"target\":{\"@type\":\"EntryPoint\",\"urlTemplate\":\"http:\/\/www.imdhd.org\/dignificando-la-memoria\/?s={search_term_string}\"},\"query-input\":\"required name=search_term_string\"}],\"inLanguage\":\"es\"},{\"@type\":\"Organization\",\"@id\":\"http:\/\/www.imdhd.org\/dignificando-la-memoria\/#organization\",\"name\":\"Dignificando la Memoria\",\"url\":\"http:\/\/www.imdhd.org\/dignificando-la-memoria\/\",\"logo\":{\"@type\":\"ImageObject\",\"inLanguage\":\"es\",\"@id\":\"http:\/\/www.imdhd.org\/dignificando-la-memoria\/#\/schema\/logo\/image\/\",\"url\":\"https:\/\/www.imdhd.org\/dignificando-la-memoria\/wp-content\/uploads\/2021\/07\/id-dignificando-1.svg\",\"contentUrl\":\"https:\/\/www.imdhd.org\/dignificando-la-memoria\/wp-content\/uploads\/2021\/07\/id-dignificando-1.svg\",\"caption\":\"Dignificando la Memoria\"},\"image\":{\"@id\":\"http:\/\/www.imdhd.org\/dignificando-la-memoria\/#\/schema\/logo\/image\/\"}},{\"@type\":\"Person\",\"@id\":\"http:\/\/www.imdhd.org\/dignificando-la-memoria\/#\/schema\/person\/fc1a5e3d6a3e4277042ef4db3a951d0b\",\"name\":\"admin\",\"image\":{\"@type\":\"ImageObject\",\"inLanguage\":\"es\",\"@id\":\"http:\/\/www.imdhd.org\/dignificando-la-memoria\/#\/schema\/person\/image\/\",\"url\":\"https:\/\/secure.gravatar.com\/avatar\/12fe34de4959513a90310b36a309d41a2f2e8c9dec80cb6efa358434d27149fb?s=96&d=mm&r=g\",\"contentUrl\":\"https:\/\/secure.gravatar.com\/avatar\/12fe34de4959513a90310b36a309d41a2f2e8c9dec80cb6efa358434d27149fb?s=96&d=mm&r=g\",\"caption\":\"admin\"},\"sameAs\":[\"https:\/\/www.imdhd.org\/dignificando-la-memoria\"],\"url\":\"https:\/\/www.imdhd.org\/dignificando-la-memoria\/author\/admin\/\"}]}<\/script>\n<!-- \/ Yoast SEO plugin. -->","yoast_head_json":{"title":"Artemio - Dignificando la Memoria","robots":{"index":"index","follow":"follow","max-snippet":"max-snippet:-1","max-image-preview":"max-image-preview:large","max-video-preview":"max-video-preview:-1"},"canonical":"https:\/\/www.imdhd.org\/dignificando-la-memoria\/memorias\/memorias-veracruz\/artemio\/","og_locale":"es_ES","og_type":"article","og_title":"Artemio - Dignificando la Memoria","og_description":"En su voz ya se o\u00eda cansada, se o\u00eda muy agotada y quer\u00eda dec\u00eda que entreg\u00e1ramos el dinero porque lo iban a matar le 1 iban a dar en la madre. En si yo tengo en mi tel\u00e9fono unos audios donde \u00e9l pide que llevemos el dinero, lo llevamos pero no fueron por \u00e9l no [&hellip;]","og_url":"https:\/\/www.imdhd.org\/dignificando-la-memoria\/memorias\/memorias-veracruz\/artemio\/","og_site_name":"Dignificando la Memoria","article_published_time":"2021-10-27T16:43:59+00:00","article_modified_time":"2021-10-27T23:47:17+00:00","author":"admin","twitter_card":"summary_large_image","twitter_image":"https:\/\/www.imdhd.org\/dignificando-la-memoria\/wp-content\/uploads\/2021\/07\/banner-testimonios.svg","twitter_misc":{"Escrito por":"admin"},"schema":{"@context":"https:\/\/schema.org","@graph":[{"@type":"Article","@id":"https:\/\/www.imdhd.org\/dignificando-la-memoria\/memorias\/memorias-veracruz\/artemio\/#article","isPartOf":{"@id":"https:\/\/www.imdhd.org\/dignificando-la-memoria\/memorias\/memorias-veracruz\/artemio\/"},"author":{"name":"admin","@id":"http:\/\/www.imdhd.org\/dignificando-la-memoria\/#\/schema\/person\/fc1a5e3d6a3e4277042ef4db3a951d0b"},"headline":"Artemio","datePublished":"2021-10-27T16:43:59+00:00","dateModified":"2021-10-27T23:47:17+00:00","mainEntityOfPage":{"@id":"https:\/\/www.imdhd.org\/dignificando-la-memoria\/memorias\/memorias-veracruz\/artemio\/"},"wordCount":75,"commentCount":0,"publisher":{"@id":"http:\/\/www.imdhd.org\/dignificando-la-memoria\/#organization"},"articleSection":["Memorias Veracruz"],"inLanguage":"es","potentialAction":[{"@type":"CommentAction","name":"Comment","target":["https:\/\/www.imdhd.org\/dignificando-la-memoria\/memorias\/memorias-veracruz\/artemio\/#respond"]}]},{"@type":"WebPage","@id":"https:\/\/www.imdhd.org\/dignificando-la-memoria\/memorias\/memorias-veracruz\/artemio\/","url":"https:\/\/www.imdhd.org\/dignificando-la-memoria\/memorias\/memorias-veracruz\/artemio\/","name":"Artemio - Dignificando la Memoria","isPartOf":{"@id":"http:\/\/www.imdhd.org\/dignificando-la-memoria\/#website"},"datePublished":"2021-10-27T16:43:59+00:00","dateModified":"2021-10-27T23:47:17+00:00","breadcrumb":{"@id":"https:\/\/www.imdhd.org\/dignificando-la-memoria\/memorias\/memorias-veracruz\/artemio\/#breadcrumb"},"inLanguage":"es","potentialAction":[{"@type":"ReadAction","target":["https:\/\/www.imdhd.org\/dignificando-la-memoria\/memorias\/memorias-veracruz\/artemio\/"]}]},{"@type":"BreadcrumbList","@id":"https:\/\/www.imdhd.org\/dignificando-la-memoria\/memorias\/memorias-veracruz\/artemio\/#breadcrumb","itemListElement":[{"@type":"ListItem","position":1,"name":"Portada","item":"http:\/\/www.imdhd.org\/dignificando-la-memoria\/"},{"@type":"ListItem","position":2,"name":"Artemio"}]},{"@type":"WebSite","@id":"http:\/\/www.imdhd.org\/dignificando-la-memoria\/#website","url":"http:\/\/www.imdhd.org\/dignificando-la-memoria\/","name":"Dignificando la Memoria","description":"Un proyecto que rescata y dignifica la memoria de las personas desaparecidas en M&eacute;xico","publisher":{"@id":"http:\/\/www.imdhd.org\/dignificando-la-memoria\/#organization"},"potentialAction":[{"@type":"SearchAction","target":{"@type":"EntryPoint","urlTemplate":"http:\/\/www.imdhd.org\/dignificando-la-memoria\/?s={search_term_string}"},"query-input":"required name=search_term_string"}],"inLanguage":"es"},{"@type":"Organization","@id":"http:\/\/www.imdhd.org\/dignificando-la-memoria\/#organization","name":"Dignificando la Memoria","url":"http:\/\/www.imdhd.org\/dignificando-la-memoria\/","logo":{"@type":"ImageObject","inLanguage":"es","@id":"http:\/\/www.imdhd.org\/dignificando-la-memoria\/#\/schema\/logo\/image\/","url":"https:\/\/www.imdhd.org\/dignificando-la-memoria\/wp-content\/uploads\/2021\/07\/id-dignificando-1.svg","contentUrl":"https:\/\/www.imdhd.org\/dignificando-la-memoria\/wp-content\/uploads\/2021\/07\/id-dignificando-1.svg","caption":"Dignificando la Memoria"},"image":{"@id":"http:\/\/www.imdhd.org\/dignificando-la-memoria\/#\/schema\/logo\/image\/"}},{"@type":"Person","@id":"http:\/\/www.imdhd.org\/dignificando-la-memoria\/#\/schema\/person\/fc1a5e3d6a3e4277042ef4db3a951d0b","name":"admin","image":{"@type":"ImageObject","inLanguage":"es","@id":"http:\/\/www.imdhd.org\/dignificando-la-memoria\/#\/schema\/person\/image\/","url":"https:\/\/secure.gravatar.com\/avatar\/12fe34de4959513a90310b36a309d41a2f2e8c9dec80cb6efa358434d27149fb?s=96&d=mm&r=g","contentUrl":"https:\/\/secure.gravatar.com\/avatar\/12fe34de4959513a90310b36a309d41a2f2e8c9dec80cb6efa358434d27149fb?s=96&d=mm&r=g","caption":"admin"},"sameAs":["https:\/\/www.imdhd.org\/dignificando-la-memoria"],"url":"https:\/\/www.imdhd.org\/dignificando-la-memoria\/author\/admin\/"}]}},"_links":{"self":[{"href":"https:\/\/www.imdhd.org\/dignificando-la-memoria\/wp-json\/wp\/v2\/posts\/658","targetHints":{"allow":["GET"]}}],"collection":[{"href":"https:\/\/www.imdhd.org\/dignificando-la-memoria\/wp-json\/wp\/v2\/posts"}],"about":[{"href":"https:\/\/www.imdhd.org\/dignificando-la-memoria\/wp-json\/wp\/v2\/types\/post"}],"author":[{"embeddable":true,"href":"https:\/\/www.imdhd.org\/dignificando-la-memoria\/wp-json\/wp\/v2\/users\/1"}],"replies":[{"embeddable":true,"href":"https:\/\/www.imdhd.org\/dignificando-la-memoria\/wp-json\/wp\/v2\/comments?post=658"}],"version-history":[{"count":5,"href":"https:\/\/www.imdhd.org\/dignificando-la-memoria\/wp-json\/wp\/v2\/posts\/658\/revisions"}],"predecessor-version":[{"id":865,"href":"https:\/\/www.imdhd.org\/dignificando-la-memoria\/wp-json\/wp\/v2\/posts\/658\/revisions\/865"}],"wp:featuredmedia":[{"embeddable":true,"href":"https:\/\/www.imdhd.org\/dignificando-la-memoria\/wp-json\/wp\/v2\/media\/90"}],"wp:attachment":[{"href":"https:\/\/www.imdhd.org\/dignificando-la-memoria\/wp-json\/wp\/v2\/media?parent=658"}],"wp:term":[{"taxonomy":"category","embeddable":true,"href":"https:\/\/www.imdhd.org\/dignificando-la-memoria\/wp-json\/wp\/v2\/categories?post=658"},{"taxonomy":"post_tag","embeddable":true,"href":"https:\/\/www.imdhd.org\/dignificando-la-memoria\/wp-json\/wp\/v2\/tags?post=658"}],"curies":[{"name":"wp","href":"https:\/\/api.w.org\/{rel}","templated":true}]}}