{"id":732,"date":"2021-10-27T18:14:46","date_gmt":"2021-10-27T18:14:46","guid":{"rendered":"https:\/\/www.imdhd.org\/dignificando-la-memoria\/?p=732"},"modified":"2021-10-27T23:52:53","modified_gmt":"2021-10-27T23:52:53","slug":"carlos","status":"publish","type":"post","link":"https:\/\/www.imdhd.org\/dignificando-la-memoria\/memorias\/memorias-veracruz\/carlos\/","title":{"rendered":"Carlos"},"content":{"rendered":"\n<blockquote class=\"wp-block-quote is-layout-flow wp-block-quote-is-layout-flow\"><p>Levant\u00e9 mi acta apenas hace dos a\u00f1os porque quer\u00eda ver si donde estaban los cuerpos de las personas que no han reclamado estaba el cuerpo de \u00e9l. Eso fue lo que me anim\u00f3 a levantar el acta porque yo no quer\u00eda saber nada de las autoridades por miedo y desconfianza. En mi caso no ha habido un progreso de nada desde que levant\u00e9 el acta hace dos a\u00f1os seguimos igual, seguimos en lo mismo. Yo di unos datos que pueden servir pero de todos modos no, ellos no han hecho nada por investigar y que se haga algo m\u00e1s.<\/p><\/blockquote>\n\n\n\n<figure class=\"wp-block-audio\"><audio controls src=\"https:\/\/www.imdhd.org\/dignificando-la-memoria\/wp-content\/uploads\/2021\/10\/42-carlos.mp3\"><\/audio><\/figure>\n","protected":false},"excerpt":{"rendered":"<p>Levant\u00e9 mi acta apenas hace dos a\u00f1os porque quer\u00eda ver si donde estaban los cuerpos de las personas que no han reclamado estaba el cuerpo de \u00e9l. Eso fue lo que me anim\u00f3 a levantar el acta porque yo no quer\u00eda saber nada de las autoridades por miedo y desconfianza. En mi caso no ha [&hellip;]<\/p>\n","protected":false},"author":1,"featured_media":90,"comment_status":"open","ping_status":"open","sticky":false,"template":"","format":"standard","meta":{"_coblocks_attr":"","_coblocks_dimensions":"","_coblocks_responsive_height":"","_coblocks_accordion_ie_support":"","ub_ctt_via":"","footnotes":""},"categories":[4],"tags":[],"class_list":["post-732","post","type-post","status-publish","format-standard","has-post-thumbnail","hentry","category-memorias-veracruz"],"acf":[],"featured_image_src":"https:\/\/www.imdhd.org\/dignificando-la-memoria\/wp-content\/uploads\/2021\/07\/banner-testimonios.svg","author_info":{"display_name":"admin","author_link":"https:\/\/www.imdhd.org\/dignificando-la-memoria\/author\/admin\/"},"yoast_head":"<!-- This site is optimized with the Yoast SEO plugin v21.8 - https:\/\/yoast.com\/wordpress\/plugins\/seo\/ -->\n<title>Carlos - Dignificando la Memoria<\/title>\n<meta name=\"robots\" content=\"index, follow, max-snippet:-1, max-image-preview:large, max-video-preview:-1\" \/>\n<link rel=\"canonical\" href=\"http:\/\/www.imdhd.org\/dignificando-la-memoria\/memorias\/memorias-veracruz\/carlos\/\" \/>\n<meta property=\"og:locale\" content=\"es_ES\" \/>\n<meta property=\"og:type\" content=\"article\" \/>\n<meta property=\"og:title\" content=\"Carlos - Dignificando la Memoria\" \/>\n<meta property=\"og:description\" content=\"Levant\u00e9 mi acta apenas hace dos a\u00f1os porque quer\u00eda ver si donde estaban los cuerpos de las personas que no han reclamado estaba el cuerpo de \u00e9l. Eso fue lo que me anim\u00f3 a levantar el acta porque yo no quer\u00eda saber nada de las autoridades por miedo y desconfianza. En mi caso no ha [&hellip;]\" \/>\n<meta property=\"og:url\" content=\"http:\/\/www.imdhd.org\/dignificando-la-memoria\/memorias\/memorias-veracruz\/carlos\/\" \/>\n<meta property=\"og:site_name\" content=\"Dignificando la Memoria\" \/>\n<meta property=\"article:published_time\" content=\"2021-10-27T18:14:46+00:00\" \/>\n<meta property=\"article:modified_time\" content=\"2021-10-27T23:52:53+00:00\" \/>\n<meta name=\"author\" content=\"admin\" \/>\n<meta name=\"twitter:card\" content=\"summary_large_image\" \/>\n<meta name=\"twitter:image\" content=\"https:\/\/www.imdhd.org\/dignificando-la-memoria\/wp-content\/uploads\/2021\/07\/banner-testimonios.svg\" \/>\n<meta name=\"twitter:label1\" content=\"Escrito por\" \/>\n\t<meta name=\"twitter:data1\" content=\"admin\" \/>\n\t<meta name=\"twitter:label2\" content=\"Tiempo de lectura\" \/>\n\t<meta name=\"twitter:data2\" content=\"1 minuto\" \/>\n<script type=\"application\/ld+json\" class=\"yoast-schema-graph\">{\"@context\":\"https:\/\/schema.org\",\"@graph\":[{\"@type\":\"Article\",\"@id\":\"http:\/\/www.imdhd.org\/dignificando-la-memoria\/memorias\/memorias-veracruz\/carlos\/#article\",\"isPartOf\":{\"@id\":\"http:\/\/www.imdhd.org\/dignificando-la-memoria\/memorias\/memorias-veracruz\/carlos\/\"},\"author\":{\"name\":\"admin\",\"@id\":\"http:\/\/www.imdhd.org\/dignificando-la-memoria\/#\/schema\/person\/fc1a5e3d6a3e4277042ef4db3a951d0b\"},\"headline\":\"Carlos\",\"datePublished\":\"2021-10-27T18:14:46+00:00\",\"dateModified\":\"2021-10-27T23:52:53+00:00\",\"mainEntityOfPage\":{\"@id\":\"http:\/\/www.imdhd.org\/dignificando-la-memoria\/memorias\/memorias-veracruz\/carlos\/\"},\"wordCount\":105,\"commentCount\":0,\"publisher\":{\"@id\":\"http:\/\/www.imdhd.org\/dignificando-la-memoria\/#organization\"},\"articleSection\":[\"Memorias Veracruz\"],\"inLanguage\":\"es\",\"potentialAction\":[{\"@type\":\"CommentAction\",\"name\":\"Comment\",\"target\":[\"http:\/\/www.imdhd.org\/dignificando-la-memoria\/memorias\/memorias-veracruz\/carlos\/#respond\"]}]},{\"@type\":\"WebPage\",\"@id\":\"http:\/\/www.imdhd.org\/dignificando-la-memoria\/memorias\/memorias-veracruz\/carlos\/\",\"url\":\"http:\/\/www.imdhd.org\/dignificando-la-memoria\/memorias\/memorias-veracruz\/carlos\/\",\"name\":\"Carlos - Dignificando la Memoria\",\"isPartOf\":{\"@id\":\"http:\/\/www.imdhd.org\/dignificando-la-memoria\/#website\"},\"datePublished\":\"2021-10-27T18:14:46+00:00\",\"dateModified\":\"2021-10-27T23:52:53+00:00\",\"breadcrumb\":{\"@id\":\"http:\/\/www.imdhd.org\/dignificando-la-memoria\/memorias\/memorias-veracruz\/carlos\/#breadcrumb\"},\"inLanguage\":\"es\",\"potentialAction\":[{\"@type\":\"ReadAction\",\"target\":[\"http:\/\/www.imdhd.org\/dignificando-la-memoria\/memorias\/memorias-veracruz\/carlos\/\"]}]},{\"@type\":\"BreadcrumbList\",\"@id\":\"http:\/\/www.imdhd.org\/dignificando-la-memoria\/memorias\/memorias-veracruz\/carlos\/#breadcrumb\",\"itemListElement\":[{\"@type\":\"ListItem\",\"position\":1,\"name\":\"Portada\",\"item\":\"http:\/\/www.imdhd.org\/dignificando-la-memoria\/\"},{\"@type\":\"ListItem\",\"position\":2,\"name\":\"Carlos\"}]},{\"@type\":\"WebSite\",\"@id\":\"http:\/\/www.imdhd.org\/dignificando-la-memoria\/#website\",\"url\":\"http:\/\/www.imdhd.org\/dignificando-la-memoria\/\",\"name\":\"Dignificando la Memoria\",\"description\":\"Un proyecto que rescata y dignifica la memoria de las personas desaparecidas en M&eacute;xico\",\"publisher\":{\"@id\":\"http:\/\/www.imdhd.org\/dignificando-la-memoria\/#organization\"},\"potentialAction\":[{\"@type\":\"SearchAction\",\"target\":{\"@type\":\"EntryPoint\",\"urlTemplate\":\"http:\/\/www.imdhd.org\/dignificando-la-memoria\/?s={search_term_string}\"},\"query-input\":\"required name=search_term_string\"}],\"inLanguage\":\"es\"},{\"@type\":\"Organization\",\"@id\":\"http:\/\/www.imdhd.org\/dignificando-la-memoria\/#organization\",\"name\":\"Dignificando la Memoria\",\"url\":\"http:\/\/www.imdhd.org\/dignificando-la-memoria\/\",\"logo\":{\"@type\":\"ImageObject\",\"inLanguage\":\"es\",\"@id\":\"http:\/\/www.imdhd.org\/dignificando-la-memoria\/#\/schema\/logo\/image\/\",\"url\":\"https:\/\/www.imdhd.org\/dignificando-la-memoria\/wp-content\/uploads\/2021\/07\/id-dignificando-1.svg\",\"contentUrl\":\"https:\/\/www.imdhd.org\/dignificando-la-memoria\/wp-content\/uploads\/2021\/07\/id-dignificando-1.svg\",\"caption\":\"Dignificando la Memoria\"},\"image\":{\"@id\":\"http:\/\/www.imdhd.org\/dignificando-la-memoria\/#\/schema\/logo\/image\/\"}},{\"@type\":\"Person\",\"@id\":\"http:\/\/www.imdhd.org\/dignificando-la-memoria\/#\/schema\/person\/fc1a5e3d6a3e4277042ef4db3a951d0b\",\"name\":\"admin\",\"image\":{\"@type\":\"ImageObject\",\"inLanguage\":\"es\",\"@id\":\"http:\/\/www.imdhd.org\/dignificando-la-memoria\/#\/schema\/person\/image\/\",\"url\":\"https:\/\/secure.gravatar.com\/avatar\/12fe34de4959513a90310b36a309d41a2f2e8c9dec80cb6efa358434d27149fb?s=96&d=mm&r=g\",\"contentUrl\":\"https:\/\/secure.gravatar.com\/avatar\/12fe34de4959513a90310b36a309d41a2f2e8c9dec80cb6efa358434d27149fb?s=96&d=mm&r=g\",\"caption\":\"admin\"},\"sameAs\":[\"https:\/\/www.imdhd.org\/dignificando-la-memoria\"],\"url\":\"https:\/\/www.imdhd.org\/dignificando-la-memoria\/author\/admin\/\"}]}<\/script>\n<!-- \/ Yoast SEO plugin. -->","yoast_head_json":{"title":"Carlos - Dignificando la Memoria","robots":{"index":"index","follow":"follow","max-snippet":"max-snippet:-1","max-image-preview":"max-image-preview:large","max-video-preview":"max-video-preview:-1"},"canonical":"http:\/\/www.imdhd.org\/dignificando-la-memoria\/memorias\/memorias-veracruz\/carlos\/","og_locale":"es_ES","og_type":"article","og_title":"Carlos - Dignificando la Memoria","og_description":"Levant\u00e9 mi acta apenas hace dos a\u00f1os porque quer\u00eda ver si donde estaban los cuerpos de las personas que no han reclamado estaba el cuerpo de \u00e9l. Eso fue lo que me anim\u00f3 a levantar el acta porque yo no quer\u00eda saber nada de las autoridades por miedo y desconfianza. En mi caso no ha [&hellip;]","og_url":"http:\/\/www.imdhd.org\/dignificando-la-memoria\/memorias\/memorias-veracruz\/carlos\/","og_site_name":"Dignificando la Memoria","article_published_time":"2021-10-27T18:14:46+00:00","article_modified_time":"2021-10-27T23:52:53+00:00","author":"admin","twitter_card":"summary_large_image","twitter_image":"https:\/\/www.imdhd.org\/dignificando-la-memoria\/wp-content\/uploads\/2021\/07\/banner-testimonios.svg","twitter_misc":{"Escrito por":"admin","Tiempo de lectura":"1 minuto"},"schema":{"@context":"https:\/\/schema.org","@graph":[{"@type":"Article","@id":"http:\/\/www.imdhd.org\/dignificando-la-memoria\/memorias\/memorias-veracruz\/carlos\/#article","isPartOf":{"@id":"http:\/\/www.imdhd.org\/dignificando-la-memoria\/memorias\/memorias-veracruz\/carlos\/"},"author":{"name":"admin","@id":"http:\/\/www.imdhd.org\/dignificando-la-memoria\/#\/schema\/person\/fc1a5e3d6a3e4277042ef4db3a951d0b"},"headline":"Carlos","datePublished":"2021-10-27T18:14:46+00:00","dateModified":"2021-10-27T23:52:53+00:00","mainEntityOfPage":{"@id":"http:\/\/www.imdhd.org\/dignificando-la-memoria\/memorias\/memorias-veracruz\/carlos\/"},"wordCount":105,"commentCount":0,"publisher":{"@id":"http:\/\/www.imdhd.org\/dignificando-la-memoria\/#organization"},"articleSection":["Memorias Veracruz"],"inLanguage":"es","potentialAction":[{"@type":"CommentAction","name":"Comment","target":["http:\/\/www.imdhd.org\/dignificando-la-memoria\/memorias\/memorias-veracruz\/carlos\/#respond"]}]},{"@type":"WebPage","@id":"http:\/\/www.imdhd.org\/dignificando-la-memoria\/memorias\/memorias-veracruz\/carlos\/","url":"http:\/\/www.imdhd.org\/dignificando-la-memoria\/memorias\/memorias-veracruz\/carlos\/","name":"Carlos - Dignificando la Memoria","isPartOf":{"@id":"http:\/\/www.imdhd.org\/dignificando-la-memoria\/#website"},"datePublished":"2021-10-27T18:14:46+00:00","dateModified":"2021-10-27T23:52:53+00:00","breadcrumb":{"@id":"http:\/\/www.imdhd.org\/dignificando-la-memoria\/memorias\/memorias-veracruz\/carlos\/#breadcrumb"},"inLanguage":"es","potentialAction":[{"@type":"ReadAction","target":["http:\/\/www.imdhd.org\/dignificando-la-memoria\/memorias\/memorias-veracruz\/carlos\/"]}]},{"@type":"BreadcrumbList","@id":"http:\/\/www.imdhd.org\/dignificando-la-memoria\/memorias\/memorias-veracruz\/carlos\/#breadcrumb","itemListElement":[{"@type":"ListItem","position":1,"name":"Portada","item":"http:\/\/www.imdhd.org\/dignificando-la-memoria\/"},{"@type":"ListItem","position":2,"name":"Carlos"}]},{"@type":"WebSite","@id":"http:\/\/www.imdhd.org\/dignificando-la-memoria\/#website","url":"http:\/\/www.imdhd.org\/dignificando-la-memoria\/","name":"Dignificando la Memoria","description":"Un proyecto que rescata y dignifica la memoria de las personas desaparecidas en M&eacute;xico","publisher":{"@id":"http:\/\/www.imdhd.org\/dignificando-la-memoria\/#organization"},"potentialAction":[{"@type":"SearchAction","target":{"@type":"EntryPoint","urlTemplate":"http:\/\/www.imdhd.org\/dignificando-la-memoria\/?s={search_term_string}"},"query-input":"required name=search_term_string"}],"inLanguage":"es"},{"@type":"Organization","@id":"http:\/\/www.imdhd.org\/dignificando-la-memoria\/#organization","name":"Dignificando la Memoria","url":"http:\/\/www.imdhd.org\/dignificando-la-memoria\/","logo":{"@type":"ImageObject","inLanguage":"es","@id":"http:\/\/www.imdhd.org\/dignificando-la-memoria\/#\/schema\/logo\/image\/","url":"https:\/\/www.imdhd.org\/dignificando-la-memoria\/wp-content\/uploads\/2021\/07\/id-dignificando-1.svg","contentUrl":"https:\/\/www.imdhd.org\/dignificando-la-memoria\/wp-content\/uploads\/2021\/07\/id-dignificando-1.svg","caption":"Dignificando la Memoria"},"image":{"@id":"http:\/\/www.imdhd.org\/dignificando-la-memoria\/#\/schema\/logo\/image\/"}},{"@type":"Person","@id":"http:\/\/www.imdhd.org\/dignificando-la-memoria\/#\/schema\/person\/fc1a5e3d6a3e4277042ef4db3a951d0b","name":"admin","image":{"@type":"ImageObject","inLanguage":"es","@id":"http:\/\/www.imdhd.org\/dignificando-la-memoria\/#\/schema\/person\/image\/","url":"https:\/\/secure.gravatar.com\/avatar\/12fe34de4959513a90310b36a309d41a2f2e8c9dec80cb6efa358434d27149fb?s=96&d=mm&r=g","contentUrl":"https:\/\/secure.gravatar.com\/avatar\/12fe34de4959513a90310b36a309d41a2f2e8c9dec80cb6efa358434d27149fb?s=96&d=mm&r=g","caption":"admin"},"sameAs":["https:\/\/www.imdhd.org\/dignificando-la-memoria"],"url":"https:\/\/www.imdhd.org\/dignificando-la-memoria\/author\/admin\/"}]}},"_links":{"self":[{"href":"https:\/\/www.imdhd.org\/dignificando-la-memoria\/wp-json\/wp\/v2\/posts\/732","targetHints":{"allow":["GET"]}}],"collection":[{"href":"https:\/\/www.imdhd.org\/dignificando-la-memoria\/wp-json\/wp\/v2\/posts"}],"about":[{"href":"https:\/\/www.imdhd.org\/dignificando-la-memoria\/wp-json\/wp\/v2\/types\/post"}],"author":[{"embeddable":true,"href":"https:\/\/www.imdhd.org\/dignificando-la-memoria\/wp-json\/wp\/v2\/users\/1"}],"replies":[{"embeddable":true,"href":"https:\/\/www.imdhd.org\/dignificando-la-memoria\/wp-json\/wp\/v2\/comments?post=732"}],"version-history":[{"count":3,"href":"https:\/\/www.imdhd.org\/dignificando-la-memoria\/wp-json\/wp\/v2\/posts\/732\/revisions"}],"predecessor-version":[{"id":875,"href":"https:\/\/www.imdhd.org\/dignificando-la-memoria\/wp-json\/wp\/v2\/posts\/732\/revisions\/875"}],"wp:featuredmedia":[{"embeddable":true,"href":"https:\/\/www.imdhd.org\/dignificando-la-memoria\/wp-json\/wp\/v2\/media\/90"}],"wp:attachment":[{"href":"https:\/\/www.imdhd.org\/dignificando-la-memoria\/wp-json\/wp\/v2\/media?parent=732"}],"wp:term":[{"taxonomy":"category","embeddable":true,"href":"https:\/\/www.imdhd.org\/dignificando-la-memoria\/wp-json\/wp\/v2\/categories?post=732"},{"taxonomy":"post_tag","embeddable":true,"href":"https:\/\/www.imdhd.org\/dignificando-la-memoria\/wp-json\/wp\/v2\/tags?post=732"}],"curies":[{"name":"wp","href":"https:\/\/api.w.org\/{rel}","templated":true}]}}