{"id":912,"date":"2021-10-28T15:55:24","date_gmt":"2021-10-28T15:55:24","guid":{"rendered":"https:\/\/www.imdhd.org\/dignificando-la-memoria\/?p=912"},"modified":"2021-10-28T15:55:25","modified_gmt":"2021-10-28T15:55:25","slug":"concepcion-jimenez-perez","status":"publish","type":"post","link":"https:\/\/www.imdhd.org\/dignificando-la-memoria\/memorias\/memorias-veracruz\/concepcion-jimenez-perez\/","title":{"rendered":"Concepci\u00f3n Jim\u00e9nez P\u00e9rez"},"content":{"rendered":"\n<blockquote class=\"wp-block-quote is-layout-flow wp-block-quote-is-layout-flow\"><p>Las carpetas siguen igual a como nosotros siempre la hemos estado revisando. Vamos y venimos, vamos a M\u00e9xico, subimos a M\u00e9xico, bajamos a la Fiscal\u00eda de Jalapa, bajamos a C\u00f3rdoba y las carpetas siguen igual e intactas como siempre las han tenido ellos. Nos dicen que van a hacer inspecciones de campo, nos dicen que van a hacer muchas cosas para poder dar con el paradero de Concepci\u00f3n Jim\u00e9nez P\u00e9rez y hasta la fecha yo no veo nada, nada he visto hasta este a\u00f1o 2018, un a\u00f1o que se termina y siento yo que hubo un a\u00f1o que empieza y va a seguir en lo mismo.<\/p><\/blockquote>\n\n\n\n<figure class=\"wp-block-audio\"><audio controls src=\"https:\/\/www.imdhd.org\/dignificando-la-memoria\/wp-content\/uploads\/2021\/10\/56-concepcion-jimenes-perez.mp3\"><\/audio><\/figure>\n","protected":false},"excerpt":{"rendered":"<p>Las carpetas siguen igual a como nosotros siempre la hemos estado revisando. Vamos y venimos, vamos a M\u00e9xico, subimos a M\u00e9xico, bajamos a la Fiscal\u00eda de Jalapa, bajamos a C\u00f3rdoba y las carpetas siguen igual e intactas como siempre las han tenido ellos. Nos dicen que van a hacer inspecciones de campo, nos dicen que [&hellip;]<\/p>\n","protected":false},"author":1,"featured_media":90,"comment_status":"open","ping_status":"open","sticky":false,"template":"","format":"standard","meta":{"_coblocks_attr":"","_coblocks_dimensions":"","_coblocks_responsive_height":"","_coblocks_accordion_ie_support":"","ub_ctt_via":"","footnotes":""},"categories":[4],"tags":[],"class_list":["post-912","post","type-post","status-publish","format-standard","has-post-thumbnail","hentry","category-memorias-veracruz"],"acf":[],"featured_image_src":"https:\/\/www.imdhd.org\/dignificando-la-memoria\/wp-content\/uploads\/2021\/07\/banner-testimonios.svg","author_info":{"display_name":"admin","author_link":"https:\/\/www.imdhd.org\/dignificando-la-memoria\/author\/admin\/"},"yoast_head":"<!-- This site is optimized with the Yoast SEO plugin v21.8 - https:\/\/yoast.com\/wordpress\/plugins\/seo\/ -->\n<title>Concepci\u00f3n Jim\u00e9nez P\u00e9rez - Dignificando la Memoria<\/title>\n<meta name=\"robots\" content=\"index, follow, max-snippet:-1, max-image-preview:large, max-video-preview:-1\" \/>\n<link rel=\"canonical\" href=\"https:\/\/www.imdhd.org\/dignificando-la-memoria\/memorias\/memorias-veracruz\/concepcion-jimenez-perez\/\" \/>\n<meta property=\"og:locale\" content=\"es_ES\" \/>\n<meta property=\"og:type\" content=\"article\" \/>\n<meta property=\"og:title\" content=\"Concepci\u00f3n Jim\u00e9nez P\u00e9rez - Dignificando la Memoria\" \/>\n<meta property=\"og:description\" content=\"Las carpetas siguen igual a como nosotros siempre la hemos estado revisando. Vamos y venimos, vamos a M\u00e9xico, subimos a M\u00e9xico, bajamos a la Fiscal\u00eda de Jalapa, bajamos a C\u00f3rdoba y las carpetas siguen igual e intactas como siempre las han tenido ellos. Nos dicen que van a hacer inspecciones de campo, nos dicen que [&hellip;]\" \/>\n<meta property=\"og:url\" content=\"https:\/\/www.imdhd.org\/dignificando-la-memoria\/memorias\/memorias-veracruz\/concepcion-jimenez-perez\/\" \/>\n<meta property=\"og:site_name\" content=\"Dignificando la Memoria\" \/>\n<meta property=\"article:published_time\" content=\"2021-10-28T15:55:24+00:00\" \/>\n<meta property=\"article:modified_time\" content=\"2021-10-28T15:55:25+00:00\" \/>\n<meta name=\"author\" content=\"admin\" \/>\n<meta name=\"twitter:card\" content=\"summary_large_image\" \/>\n<meta name=\"twitter:image\" content=\"https:\/\/www.imdhd.org\/dignificando-la-memoria\/wp-content\/uploads\/2021\/07\/banner-testimonios.svg\" \/>\n<meta name=\"twitter:label1\" content=\"Escrito por\" \/>\n\t<meta name=\"twitter:data1\" content=\"admin\" \/>\n\t<meta name=\"twitter:label2\" content=\"Tiempo de lectura\" \/>\n\t<meta name=\"twitter:data2\" content=\"1 minuto\" \/>\n<script type=\"application\/ld+json\" class=\"yoast-schema-graph\">{\"@context\":\"https:\/\/schema.org\",\"@graph\":[{\"@type\":\"Article\",\"@id\":\"https:\/\/www.imdhd.org\/dignificando-la-memoria\/memorias\/memorias-veracruz\/concepcion-jimenez-perez\/#article\",\"isPartOf\":{\"@id\":\"https:\/\/www.imdhd.org\/dignificando-la-memoria\/memorias\/memorias-veracruz\/concepcion-jimenez-perez\/\"},\"author\":{\"name\":\"admin\",\"@id\":\"http:\/\/www.imdhd.org\/dignificando-la-memoria\/#\/schema\/person\/fc1a5e3d6a3e4277042ef4db3a951d0b\"},\"headline\":\"Concepci\u00f3n Jim\u00e9nez P\u00e9rez\",\"datePublished\":\"2021-10-28T15:55:24+00:00\",\"dateModified\":\"2021-10-28T15:55:25+00:00\",\"mainEntityOfPage\":{\"@id\":\"https:\/\/www.imdhd.org\/dignificando-la-memoria\/memorias\/memorias-veracruz\/concepcion-jimenez-perez\/\"},\"wordCount\":121,\"commentCount\":0,\"publisher\":{\"@id\":\"http:\/\/www.imdhd.org\/dignificando-la-memoria\/#organization\"},\"articleSection\":[\"Memorias Veracruz\"],\"inLanguage\":\"es\",\"potentialAction\":[{\"@type\":\"CommentAction\",\"name\":\"Comment\",\"target\":[\"https:\/\/www.imdhd.org\/dignificando-la-memoria\/memorias\/memorias-veracruz\/concepcion-jimenez-perez\/#respond\"]}]},{\"@type\":\"WebPage\",\"@id\":\"https:\/\/www.imdhd.org\/dignificando-la-memoria\/memorias\/memorias-veracruz\/concepcion-jimenez-perez\/\",\"url\":\"https:\/\/www.imdhd.org\/dignificando-la-memoria\/memorias\/memorias-veracruz\/concepcion-jimenez-perez\/\",\"name\":\"Concepci\u00f3n Jim\u00e9nez P\u00e9rez - Dignificando la Memoria\",\"isPartOf\":{\"@id\":\"http:\/\/www.imdhd.org\/dignificando-la-memoria\/#website\"},\"datePublished\":\"2021-10-28T15:55:24+00:00\",\"dateModified\":\"2021-10-28T15:55:25+00:00\",\"breadcrumb\":{\"@id\":\"https:\/\/www.imdhd.org\/dignificando-la-memoria\/memorias\/memorias-veracruz\/concepcion-jimenez-perez\/#breadcrumb\"},\"inLanguage\":\"es\",\"potentialAction\":[{\"@type\":\"ReadAction\",\"target\":[\"https:\/\/www.imdhd.org\/dignificando-la-memoria\/memorias\/memorias-veracruz\/concepcion-jimenez-perez\/\"]}]},{\"@type\":\"BreadcrumbList\",\"@id\":\"https:\/\/www.imdhd.org\/dignificando-la-memoria\/memorias\/memorias-veracruz\/concepcion-jimenez-perez\/#breadcrumb\",\"itemListElement\":[{\"@type\":\"ListItem\",\"position\":1,\"name\":\"Portada\",\"item\":\"http:\/\/www.imdhd.org\/dignificando-la-memoria\/\"},{\"@type\":\"ListItem\",\"position\":2,\"name\":\"Concepci\u00f3n Jim\u00e9nez P\u00e9rez\"}]},{\"@type\":\"WebSite\",\"@id\":\"http:\/\/www.imdhd.org\/dignificando-la-memoria\/#website\",\"url\":\"http:\/\/www.imdhd.org\/dignificando-la-memoria\/\",\"name\":\"Dignificando la Memoria\",\"description\":\"Un proyecto que rescata y dignifica la memoria de las personas desaparecidas en M&eacute;xico\",\"publisher\":{\"@id\":\"http:\/\/www.imdhd.org\/dignificando-la-memoria\/#organization\"},\"potentialAction\":[{\"@type\":\"SearchAction\",\"target\":{\"@type\":\"EntryPoint\",\"urlTemplate\":\"http:\/\/www.imdhd.org\/dignificando-la-memoria\/?s={search_term_string}\"},\"query-input\":\"required name=search_term_string\"}],\"inLanguage\":\"es\"},{\"@type\":\"Organization\",\"@id\":\"http:\/\/www.imdhd.org\/dignificando-la-memoria\/#organization\",\"name\":\"Dignificando la Memoria\",\"url\":\"http:\/\/www.imdhd.org\/dignificando-la-memoria\/\",\"logo\":{\"@type\":\"ImageObject\",\"inLanguage\":\"es\",\"@id\":\"http:\/\/www.imdhd.org\/dignificando-la-memoria\/#\/schema\/logo\/image\/\",\"url\":\"https:\/\/www.imdhd.org\/dignificando-la-memoria\/wp-content\/uploads\/2021\/07\/id-dignificando-1.svg\",\"contentUrl\":\"https:\/\/www.imdhd.org\/dignificando-la-memoria\/wp-content\/uploads\/2021\/07\/id-dignificando-1.svg\",\"caption\":\"Dignificando la Memoria\"},\"image\":{\"@id\":\"http:\/\/www.imdhd.org\/dignificando-la-memoria\/#\/schema\/logo\/image\/\"}},{\"@type\":\"Person\",\"@id\":\"http:\/\/www.imdhd.org\/dignificando-la-memoria\/#\/schema\/person\/fc1a5e3d6a3e4277042ef4db3a951d0b\",\"name\":\"admin\",\"image\":{\"@type\":\"ImageObject\",\"inLanguage\":\"es\",\"@id\":\"http:\/\/www.imdhd.org\/dignificando-la-memoria\/#\/schema\/person\/image\/\",\"url\":\"https:\/\/secure.gravatar.com\/avatar\/12fe34de4959513a90310b36a309d41a2f2e8c9dec80cb6efa358434d27149fb?s=96&d=mm&r=g\",\"contentUrl\":\"https:\/\/secure.gravatar.com\/avatar\/12fe34de4959513a90310b36a309d41a2f2e8c9dec80cb6efa358434d27149fb?s=96&d=mm&r=g\",\"caption\":\"admin\"},\"sameAs\":[\"https:\/\/www.imdhd.org\/dignificando-la-memoria\"],\"url\":\"https:\/\/www.imdhd.org\/dignificando-la-memoria\/author\/admin\/\"}]}<\/script>\n<!-- \/ Yoast SEO plugin. -->","yoast_head_json":{"title":"Concepci\u00f3n Jim\u00e9nez P\u00e9rez - Dignificando la Memoria","robots":{"index":"index","follow":"follow","max-snippet":"max-snippet:-1","max-image-preview":"max-image-preview:large","max-video-preview":"max-video-preview:-1"},"canonical":"https:\/\/www.imdhd.org\/dignificando-la-memoria\/memorias\/memorias-veracruz\/concepcion-jimenez-perez\/","og_locale":"es_ES","og_type":"article","og_title":"Concepci\u00f3n Jim\u00e9nez P\u00e9rez - Dignificando la Memoria","og_description":"Las carpetas siguen igual a como nosotros siempre la hemos estado revisando. Vamos y venimos, vamos a M\u00e9xico, subimos a M\u00e9xico, bajamos a la Fiscal\u00eda de Jalapa, bajamos a C\u00f3rdoba y las carpetas siguen igual e intactas como siempre las han tenido ellos. Nos dicen que van a hacer inspecciones de campo, nos dicen que [&hellip;]","og_url":"https:\/\/www.imdhd.org\/dignificando-la-memoria\/memorias\/memorias-veracruz\/concepcion-jimenez-perez\/","og_site_name":"Dignificando la Memoria","article_published_time":"2021-10-28T15:55:24+00:00","article_modified_time":"2021-10-28T15:55:25+00:00","author":"admin","twitter_card":"summary_large_image","twitter_image":"https:\/\/www.imdhd.org\/dignificando-la-memoria\/wp-content\/uploads\/2021\/07\/banner-testimonios.svg","twitter_misc":{"Escrito por":"admin","Tiempo de lectura":"1 minuto"},"schema":{"@context":"https:\/\/schema.org","@graph":[{"@type":"Article","@id":"https:\/\/www.imdhd.org\/dignificando-la-memoria\/memorias\/memorias-veracruz\/concepcion-jimenez-perez\/#article","isPartOf":{"@id":"https:\/\/www.imdhd.org\/dignificando-la-memoria\/memorias\/memorias-veracruz\/concepcion-jimenez-perez\/"},"author":{"name":"admin","@id":"http:\/\/www.imdhd.org\/dignificando-la-memoria\/#\/schema\/person\/fc1a5e3d6a3e4277042ef4db3a951d0b"},"headline":"Concepci\u00f3n Jim\u00e9nez P\u00e9rez","datePublished":"2021-10-28T15:55:24+00:00","dateModified":"2021-10-28T15:55:25+00:00","mainEntityOfPage":{"@id":"https:\/\/www.imdhd.org\/dignificando-la-memoria\/memorias\/memorias-veracruz\/concepcion-jimenez-perez\/"},"wordCount":121,"commentCount":0,"publisher":{"@id":"http:\/\/www.imdhd.org\/dignificando-la-memoria\/#organization"},"articleSection":["Memorias Veracruz"],"inLanguage":"es","potentialAction":[{"@type":"CommentAction","name":"Comment","target":["https:\/\/www.imdhd.org\/dignificando-la-memoria\/memorias\/memorias-veracruz\/concepcion-jimenez-perez\/#respond"]}]},{"@type":"WebPage","@id":"https:\/\/www.imdhd.org\/dignificando-la-memoria\/memorias\/memorias-veracruz\/concepcion-jimenez-perez\/","url":"https:\/\/www.imdhd.org\/dignificando-la-memoria\/memorias\/memorias-veracruz\/concepcion-jimenez-perez\/","name":"Concepci\u00f3n Jim\u00e9nez P\u00e9rez - Dignificando la Memoria","isPartOf":{"@id":"http:\/\/www.imdhd.org\/dignificando-la-memoria\/#website"},"datePublished":"2021-10-28T15:55:24+00:00","dateModified":"2021-10-28T15:55:25+00:00","breadcrumb":{"@id":"https:\/\/www.imdhd.org\/dignificando-la-memoria\/memorias\/memorias-veracruz\/concepcion-jimenez-perez\/#breadcrumb"},"inLanguage":"es","potentialAction":[{"@type":"ReadAction","target":["https:\/\/www.imdhd.org\/dignificando-la-memoria\/memorias\/memorias-veracruz\/concepcion-jimenez-perez\/"]}]},{"@type":"BreadcrumbList","@id":"https:\/\/www.imdhd.org\/dignificando-la-memoria\/memorias\/memorias-veracruz\/concepcion-jimenez-perez\/#breadcrumb","itemListElement":[{"@type":"ListItem","position":1,"name":"Portada","item":"http:\/\/www.imdhd.org\/dignificando-la-memoria\/"},{"@type":"ListItem","position":2,"name":"Concepci\u00f3n Jim\u00e9nez P\u00e9rez"}]},{"@type":"WebSite","@id":"http:\/\/www.imdhd.org\/dignificando-la-memoria\/#website","url":"http:\/\/www.imdhd.org\/dignificando-la-memoria\/","name":"Dignificando la Memoria","description":"Un proyecto que rescata y dignifica la memoria de las personas desaparecidas en M&eacute;xico","publisher":{"@id":"http:\/\/www.imdhd.org\/dignificando-la-memoria\/#organization"},"potentialAction":[{"@type":"SearchAction","target":{"@type":"EntryPoint","urlTemplate":"http:\/\/www.imdhd.org\/dignificando-la-memoria\/?s={search_term_string}"},"query-input":"required name=search_term_string"}],"inLanguage":"es"},{"@type":"Organization","@id":"http:\/\/www.imdhd.org\/dignificando-la-memoria\/#organization","name":"Dignificando la Memoria","url":"http:\/\/www.imdhd.org\/dignificando-la-memoria\/","logo":{"@type":"ImageObject","inLanguage":"es","@id":"http:\/\/www.imdhd.org\/dignificando-la-memoria\/#\/schema\/logo\/image\/","url":"https:\/\/www.imdhd.org\/dignificando-la-memoria\/wp-content\/uploads\/2021\/07\/id-dignificando-1.svg","contentUrl":"https:\/\/www.imdhd.org\/dignificando-la-memoria\/wp-content\/uploads\/2021\/07\/id-dignificando-1.svg","caption":"Dignificando la Memoria"},"image":{"@id":"http:\/\/www.imdhd.org\/dignificando-la-memoria\/#\/schema\/logo\/image\/"}},{"@type":"Person","@id":"http:\/\/www.imdhd.org\/dignificando-la-memoria\/#\/schema\/person\/fc1a5e3d6a3e4277042ef4db3a951d0b","name":"admin","image":{"@type":"ImageObject","inLanguage":"es","@id":"http:\/\/www.imdhd.org\/dignificando-la-memoria\/#\/schema\/person\/image\/","url":"https:\/\/secure.gravatar.com\/avatar\/12fe34de4959513a90310b36a309d41a2f2e8c9dec80cb6efa358434d27149fb?s=96&d=mm&r=g","contentUrl":"https:\/\/secure.gravatar.com\/avatar\/12fe34de4959513a90310b36a309d41a2f2e8c9dec80cb6efa358434d27149fb?s=96&d=mm&r=g","caption":"admin"},"sameAs":["https:\/\/www.imdhd.org\/dignificando-la-memoria"],"url":"https:\/\/www.imdhd.org\/dignificando-la-memoria\/author\/admin\/"}]}},"_links":{"self":[{"href":"https:\/\/www.imdhd.org\/dignificando-la-memoria\/wp-json\/wp\/v2\/posts\/912","targetHints":{"allow":["GET"]}}],"collection":[{"href":"https:\/\/www.imdhd.org\/dignificando-la-memoria\/wp-json\/wp\/v2\/posts"}],"about":[{"href":"https:\/\/www.imdhd.org\/dignificando-la-memoria\/wp-json\/wp\/v2\/types\/post"}],"author":[{"embeddable":true,"href":"https:\/\/www.imdhd.org\/dignificando-la-memoria\/wp-json\/wp\/v2\/users\/1"}],"replies":[{"embeddable":true,"href":"https:\/\/www.imdhd.org\/dignificando-la-memoria\/wp-json\/wp\/v2\/comments?post=912"}],"version-history":[{"count":2,"href":"https:\/\/www.imdhd.org\/dignificando-la-memoria\/wp-json\/wp\/v2\/posts\/912\/revisions"}],"predecessor-version":[{"id":915,"href":"https:\/\/www.imdhd.org\/dignificando-la-memoria\/wp-json\/wp\/v2\/posts\/912\/revisions\/915"}],"wp:featuredmedia":[{"embeddable":true,"href":"https:\/\/www.imdhd.org\/dignificando-la-memoria\/wp-json\/wp\/v2\/media\/90"}],"wp:attachment":[{"href":"https:\/\/www.imdhd.org\/dignificando-la-memoria\/wp-json\/wp\/v2\/media?parent=912"}],"wp:term":[{"taxonomy":"category","embeddable":true,"href":"https:\/\/www.imdhd.org\/dignificando-la-memoria\/wp-json\/wp\/v2\/categories?post=912"},{"taxonomy":"post_tag","embeddable":true,"href":"https:\/\/www.imdhd.org\/dignificando-la-memoria\/wp-json\/wp\/v2\/tags?post=912"}],"curies":[{"name":"wp","href":"https:\/\/api.w.org\/{rel}","templated":true}]}}