{"id":969,"date":"2021-10-28T17:40:08","date_gmt":"2021-10-28T17:40:08","guid":{"rendered":"https:\/\/www.imdhd.org\/dignificando-la-memoria\/?p=969"},"modified":"2021-10-28T17:40:10","modified_gmt":"2021-10-28T17:40:10","slug":"emmanuel-mitre","status":"publish","type":"post","link":"https:\/\/www.imdhd.org\/dignificando-la-memoria\/memorias\/memorias-veracruz\/emmanuel-mitre\/","title":{"rendered":"Emmanuel Mitre"},"content":{"rendered":"\n<blockquote class=\"wp-block-quote is-layout-flow wp-block-quote-is-layout-flow\"><p>Un dia antes ya yo hab\u00eda hecho mi denuncia, porque a las 72 horas me dijeron que pod\u00eda hacerlo. Ya hab\u00edamos recorrido hospitales, c\u00e1rceles, ah\u00ed en la fiscal\u00eda de C\u00f3rdoba, me dieron unos oficios para entregar en diferentes lugares, en la federal de caminos, no recuerdo los lugares a los que lleve los oficios. Anduvimos, bajamos, \u00edbamos de localidad en localidad, en pueblito en pueblito, pegando fotos, pegando informaci\u00f3n y no hay respuestas al d\u00eda de hoy de mi hijo.<\/p><\/blockquote>\n\n\n\n<figure class=\"wp-block-embed is-type-video is-provider-youtube wp-block-embed-youtube wp-embed-aspect-4-3 wp-has-aspect-ratio\"><div class=\"wp-block-embed__wrapper\">\n<iframe loading=\"lazy\" title=\"Emmanuel Mitre\" width=\"500\" height=\"375\" src=\"https:\/\/www.youtube.com\/embed\/eN6HDGgTJZg?feature=oembed\" frameborder=\"0\" allow=\"accelerometer; autoplay; clipboard-write; encrypted-media; gyroscope; picture-in-picture; web-share\" referrerpolicy=\"strict-origin-when-cross-origin\" allowfullscreen><\/iframe>\n<\/div><\/figure>\n","protected":false},"excerpt":{"rendered":"<p>Un dia antes ya yo hab\u00eda hecho mi denuncia, porque a las 72 horas me dijeron que pod\u00eda hacerlo. Ya hab\u00edamos recorrido hospitales, c\u00e1rceles, ah\u00ed en la fiscal\u00eda de C\u00f3rdoba, me dieron unos oficios para entregar en diferentes lugares, en la federal de caminos, no recuerdo los lugares a los que lleve los oficios. Anduvimos, [&hellip;]<\/p>\n","protected":false},"author":1,"featured_media":90,"comment_status":"open","ping_status":"open","sticky":false,"template":"","format":"standard","meta":{"_coblocks_attr":"","_coblocks_dimensions":"","_coblocks_responsive_height":"","_coblocks_accordion_ie_support":"","ub_ctt_via":"","footnotes":""},"categories":[4],"tags":[],"class_list":["post-969","post","type-post","status-publish","format-standard","has-post-thumbnail","hentry","category-memorias-veracruz"],"acf":[],"featured_image_src":"https:\/\/www.imdhd.org\/dignificando-la-memoria\/wp-content\/uploads\/2021\/07\/banner-testimonios.svg","author_info":{"display_name":"admin","author_link":"https:\/\/www.imdhd.org\/dignificando-la-memoria\/author\/admin\/"},"yoast_head":"<!-- This site is optimized with the Yoast SEO plugin v21.8 - https:\/\/yoast.com\/wordpress\/plugins\/seo\/ -->\n<title>Emmanuel Mitre - Dignificando la Memoria<\/title>\n<meta name=\"robots\" content=\"index, follow, max-snippet:-1, max-image-preview:large, max-video-preview:-1\" \/>\n<link rel=\"canonical\" href=\"http:\/\/www.imdhd.org\/dignificando-la-memoria\/memorias\/memorias-veracruz\/emmanuel-mitre\/\" \/>\n<meta property=\"og:locale\" content=\"es_ES\" \/>\n<meta property=\"og:type\" content=\"article\" \/>\n<meta property=\"og:title\" content=\"Emmanuel Mitre - Dignificando la Memoria\" \/>\n<meta property=\"og:description\" content=\"Un dia antes ya yo hab\u00eda hecho mi denuncia, porque a las 72 horas me dijeron que pod\u00eda hacerlo. Ya hab\u00edamos recorrido hospitales, c\u00e1rceles, ah\u00ed en la fiscal\u00eda de C\u00f3rdoba, me dieron unos oficios para entregar en diferentes lugares, en la federal de caminos, no recuerdo los lugares a los que lleve los oficios. Anduvimos, [&hellip;]\" \/>\n<meta property=\"og:url\" content=\"http:\/\/www.imdhd.org\/dignificando-la-memoria\/memorias\/memorias-veracruz\/emmanuel-mitre\/\" \/>\n<meta property=\"og:site_name\" content=\"Dignificando la Memoria\" \/>\n<meta property=\"article:published_time\" content=\"2021-10-28T17:40:08+00:00\" \/>\n<meta property=\"article:modified_time\" content=\"2021-10-28T17:40:10+00:00\" \/>\n<meta name=\"author\" content=\"admin\" \/>\n<meta name=\"twitter:card\" content=\"summary_large_image\" \/>\n<meta name=\"twitter:image\" content=\"https:\/\/www.imdhd.org\/dignificando-la-memoria\/wp-content\/uploads\/2021\/07\/banner-testimonios.svg\" \/>\n<meta name=\"twitter:label1\" content=\"Escrito por\" \/>\n\t<meta name=\"twitter:data1\" content=\"admin\" \/>\n<script type=\"application\/ld+json\" class=\"yoast-schema-graph\">{\"@context\":\"https:\/\/schema.org\",\"@graph\":[{\"@type\":\"Article\",\"@id\":\"http:\/\/www.imdhd.org\/dignificando-la-memoria\/memorias\/memorias-veracruz\/emmanuel-mitre\/#article\",\"isPartOf\":{\"@id\":\"http:\/\/www.imdhd.org\/dignificando-la-memoria\/memorias\/memorias-veracruz\/emmanuel-mitre\/\"},\"author\":{\"name\":\"admin\",\"@id\":\"http:\/\/www.imdhd.org\/dignificando-la-memoria\/#\/schema\/person\/fc1a5e3d6a3e4277042ef4db3a951d0b\"},\"headline\":\"Emmanuel Mitre\",\"datePublished\":\"2021-10-28T17:40:08+00:00\",\"dateModified\":\"2021-10-28T17:40:10+00:00\",\"mainEntityOfPage\":{\"@id\":\"http:\/\/www.imdhd.org\/dignificando-la-memoria\/memorias\/memorias-veracruz\/emmanuel-mitre\/\"},\"wordCount\":94,\"commentCount\":0,\"publisher\":{\"@id\":\"http:\/\/www.imdhd.org\/dignificando-la-memoria\/#organization\"},\"articleSection\":[\"Memorias Veracruz\"],\"inLanguage\":\"es\",\"potentialAction\":[{\"@type\":\"CommentAction\",\"name\":\"Comment\",\"target\":[\"http:\/\/www.imdhd.org\/dignificando-la-memoria\/memorias\/memorias-veracruz\/emmanuel-mitre\/#respond\"]}]},{\"@type\":\"WebPage\",\"@id\":\"http:\/\/www.imdhd.org\/dignificando-la-memoria\/memorias\/memorias-veracruz\/emmanuel-mitre\/\",\"url\":\"http:\/\/www.imdhd.org\/dignificando-la-memoria\/memorias\/memorias-veracruz\/emmanuel-mitre\/\",\"name\":\"Emmanuel Mitre - Dignificando la Memoria\",\"isPartOf\":{\"@id\":\"http:\/\/www.imdhd.org\/dignificando-la-memoria\/#website\"},\"datePublished\":\"2021-10-28T17:40:08+00:00\",\"dateModified\":\"2021-10-28T17:40:10+00:00\",\"breadcrumb\":{\"@id\":\"http:\/\/www.imdhd.org\/dignificando-la-memoria\/memorias\/memorias-veracruz\/emmanuel-mitre\/#breadcrumb\"},\"inLanguage\":\"es\",\"potentialAction\":[{\"@type\":\"ReadAction\",\"target\":[\"http:\/\/www.imdhd.org\/dignificando-la-memoria\/memorias\/memorias-veracruz\/emmanuel-mitre\/\"]}]},{\"@type\":\"BreadcrumbList\",\"@id\":\"http:\/\/www.imdhd.org\/dignificando-la-memoria\/memorias\/memorias-veracruz\/emmanuel-mitre\/#breadcrumb\",\"itemListElement\":[{\"@type\":\"ListItem\",\"position\":1,\"name\":\"Portada\",\"item\":\"http:\/\/www.imdhd.org\/dignificando-la-memoria\/\"},{\"@type\":\"ListItem\",\"position\":2,\"name\":\"Emmanuel Mitre\"}]},{\"@type\":\"WebSite\",\"@id\":\"http:\/\/www.imdhd.org\/dignificando-la-memoria\/#website\",\"url\":\"http:\/\/www.imdhd.org\/dignificando-la-memoria\/\",\"name\":\"Dignificando la Memoria\",\"description\":\"Un proyecto que rescata y dignifica la memoria de las personas desaparecidas en M&eacute;xico\",\"publisher\":{\"@id\":\"http:\/\/www.imdhd.org\/dignificando-la-memoria\/#organization\"},\"potentialAction\":[{\"@type\":\"SearchAction\",\"target\":{\"@type\":\"EntryPoint\",\"urlTemplate\":\"http:\/\/www.imdhd.org\/dignificando-la-memoria\/?s={search_term_string}\"},\"query-input\":\"required name=search_term_string\"}],\"inLanguage\":\"es\"},{\"@type\":\"Organization\",\"@id\":\"http:\/\/www.imdhd.org\/dignificando-la-memoria\/#organization\",\"name\":\"Dignificando la Memoria\",\"url\":\"http:\/\/www.imdhd.org\/dignificando-la-memoria\/\",\"logo\":{\"@type\":\"ImageObject\",\"inLanguage\":\"es\",\"@id\":\"http:\/\/www.imdhd.org\/dignificando-la-memoria\/#\/schema\/logo\/image\/\",\"url\":\"https:\/\/www.imdhd.org\/dignificando-la-memoria\/wp-content\/uploads\/2021\/07\/id-dignificando-1.svg\",\"contentUrl\":\"https:\/\/www.imdhd.org\/dignificando-la-memoria\/wp-content\/uploads\/2021\/07\/id-dignificando-1.svg\",\"caption\":\"Dignificando la Memoria\"},\"image\":{\"@id\":\"http:\/\/www.imdhd.org\/dignificando-la-memoria\/#\/schema\/logo\/image\/\"}},{\"@type\":\"Person\",\"@id\":\"http:\/\/www.imdhd.org\/dignificando-la-memoria\/#\/schema\/person\/fc1a5e3d6a3e4277042ef4db3a951d0b\",\"name\":\"admin\",\"image\":{\"@type\":\"ImageObject\",\"inLanguage\":\"es\",\"@id\":\"http:\/\/www.imdhd.org\/dignificando-la-memoria\/#\/schema\/person\/image\/\",\"url\":\"https:\/\/secure.gravatar.com\/avatar\/12fe34de4959513a90310b36a309d41a2f2e8c9dec80cb6efa358434d27149fb?s=96&d=mm&r=g\",\"contentUrl\":\"https:\/\/secure.gravatar.com\/avatar\/12fe34de4959513a90310b36a309d41a2f2e8c9dec80cb6efa358434d27149fb?s=96&d=mm&r=g\",\"caption\":\"admin\"},\"sameAs\":[\"https:\/\/www.imdhd.org\/dignificando-la-memoria\"],\"url\":\"https:\/\/www.imdhd.org\/dignificando-la-memoria\/author\/admin\/\"}]}<\/script>\n<!-- \/ Yoast SEO plugin. -->","yoast_head_json":{"title":"Emmanuel Mitre - Dignificando la Memoria","robots":{"index":"index","follow":"follow","max-snippet":"max-snippet:-1","max-image-preview":"max-image-preview:large","max-video-preview":"max-video-preview:-1"},"canonical":"http:\/\/www.imdhd.org\/dignificando-la-memoria\/memorias\/memorias-veracruz\/emmanuel-mitre\/","og_locale":"es_ES","og_type":"article","og_title":"Emmanuel Mitre - Dignificando la Memoria","og_description":"Un dia antes ya yo hab\u00eda hecho mi denuncia, porque a las 72 horas me dijeron que pod\u00eda hacerlo. Ya hab\u00edamos recorrido hospitales, c\u00e1rceles, ah\u00ed en la fiscal\u00eda de C\u00f3rdoba, me dieron unos oficios para entregar en diferentes lugares, en la federal de caminos, no recuerdo los lugares a los que lleve los oficios. Anduvimos, [&hellip;]","og_url":"http:\/\/www.imdhd.org\/dignificando-la-memoria\/memorias\/memorias-veracruz\/emmanuel-mitre\/","og_site_name":"Dignificando la Memoria","article_published_time":"2021-10-28T17:40:08+00:00","article_modified_time":"2021-10-28T17:40:10+00:00","author":"admin","twitter_card":"summary_large_image","twitter_image":"https:\/\/www.imdhd.org\/dignificando-la-memoria\/wp-content\/uploads\/2021\/07\/banner-testimonios.svg","twitter_misc":{"Escrito por":"admin"},"schema":{"@context":"https:\/\/schema.org","@graph":[{"@type":"Article","@id":"http:\/\/www.imdhd.org\/dignificando-la-memoria\/memorias\/memorias-veracruz\/emmanuel-mitre\/#article","isPartOf":{"@id":"http:\/\/www.imdhd.org\/dignificando-la-memoria\/memorias\/memorias-veracruz\/emmanuel-mitre\/"},"author":{"name":"admin","@id":"http:\/\/www.imdhd.org\/dignificando-la-memoria\/#\/schema\/person\/fc1a5e3d6a3e4277042ef4db3a951d0b"},"headline":"Emmanuel Mitre","datePublished":"2021-10-28T17:40:08+00:00","dateModified":"2021-10-28T17:40:10+00:00","mainEntityOfPage":{"@id":"http:\/\/www.imdhd.org\/dignificando-la-memoria\/memorias\/memorias-veracruz\/emmanuel-mitre\/"},"wordCount":94,"commentCount":0,"publisher":{"@id":"http:\/\/www.imdhd.org\/dignificando-la-memoria\/#organization"},"articleSection":["Memorias Veracruz"],"inLanguage":"es","potentialAction":[{"@type":"CommentAction","name":"Comment","target":["http:\/\/www.imdhd.org\/dignificando-la-memoria\/memorias\/memorias-veracruz\/emmanuel-mitre\/#respond"]}]},{"@type":"WebPage","@id":"http:\/\/www.imdhd.org\/dignificando-la-memoria\/memorias\/memorias-veracruz\/emmanuel-mitre\/","url":"http:\/\/www.imdhd.org\/dignificando-la-memoria\/memorias\/memorias-veracruz\/emmanuel-mitre\/","name":"Emmanuel Mitre - Dignificando la Memoria","isPartOf":{"@id":"http:\/\/www.imdhd.org\/dignificando-la-memoria\/#website"},"datePublished":"2021-10-28T17:40:08+00:00","dateModified":"2021-10-28T17:40:10+00:00","breadcrumb":{"@id":"http:\/\/www.imdhd.org\/dignificando-la-memoria\/memorias\/memorias-veracruz\/emmanuel-mitre\/#breadcrumb"},"inLanguage":"es","potentialAction":[{"@type":"ReadAction","target":["http:\/\/www.imdhd.org\/dignificando-la-memoria\/memorias\/memorias-veracruz\/emmanuel-mitre\/"]}]},{"@type":"BreadcrumbList","@id":"http:\/\/www.imdhd.org\/dignificando-la-memoria\/memorias\/memorias-veracruz\/emmanuel-mitre\/#breadcrumb","itemListElement":[{"@type":"ListItem","position":1,"name":"Portada","item":"http:\/\/www.imdhd.org\/dignificando-la-memoria\/"},{"@type":"ListItem","position":2,"name":"Emmanuel Mitre"}]},{"@type":"WebSite","@id":"http:\/\/www.imdhd.org\/dignificando-la-memoria\/#website","url":"http:\/\/www.imdhd.org\/dignificando-la-memoria\/","name":"Dignificando la Memoria","description":"Un proyecto que rescata y dignifica la memoria de las personas desaparecidas en M&eacute;xico","publisher":{"@id":"http:\/\/www.imdhd.org\/dignificando-la-memoria\/#organization"},"potentialAction":[{"@type":"SearchAction","target":{"@type":"EntryPoint","urlTemplate":"http:\/\/www.imdhd.org\/dignificando-la-memoria\/?s={search_term_string}"},"query-input":"required name=search_term_string"}],"inLanguage":"es"},{"@type":"Organization","@id":"http:\/\/www.imdhd.org\/dignificando-la-memoria\/#organization","name":"Dignificando la Memoria","url":"http:\/\/www.imdhd.org\/dignificando-la-memoria\/","logo":{"@type":"ImageObject","inLanguage":"es","@id":"http:\/\/www.imdhd.org\/dignificando-la-memoria\/#\/schema\/logo\/image\/","url":"https:\/\/www.imdhd.org\/dignificando-la-memoria\/wp-content\/uploads\/2021\/07\/id-dignificando-1.svg","contentUrl":"https:\/\/www.imdhd.org\/dignificando-la-memoria\/wp-content\/uploads\/2021\/07\/id-dignificando-1.svg","caption":"Dignificando la Memoria"},"image":{"@id":"http:\/\/www.imdhd.org\/dignificando-la-memoria\/#\/schema\/logo\/image\/"}},{"@type":"Person","@id":"http:\/\/www.imdhd.org\/dignificando-la-memoria\/#\/schema\/person\/fc1a5e3d6a3e4277042ef4db3a951d0b","name":"admin","image":{"@type":"ImageObject","inLanguage":"es","@id":"http:\/\/www.imdhd.org\/dignificando-la-memoria\/#\/schema\/person\/image\/","url":"https:\/\/secure.gravatar.com\/avatar\/12fe34de4959513a90310b36a309d41a2f2e8c9dec80cb6efa358434d27149fb?s=96&d=mm&r=g","contentUrl":"https:\/\/secure.gravatar.com\/avatar\/12fe34de4959513a90310b36a309d41a2f2e8c9dec80cb6efa358434d27149fb?s=96&d=mm&r=g","caption":"admin"},"sameAs":["https:\/\/www.imdhd.org\/dignificando-la-memoria"],"url":"https:\/\/www.imdhd.org\/dignificando-la-memoria\/author\/admin\/"}]}},"_links":{"self":[{"href":"https:\/\/www.imdhd.org\/dignificando-la-memoria\/wp-json\/wp\/v2\/posts\/969","targetHints":{"allow":["GET"]}}],"collection":[{"href":"https:\/\/www.imdhd.org\/dignificando-la-memoria\/wp-json\/wp\/v2\/posts"}],"about":[{"href":"https:\/\/www.imdhd.org\/dignificando-la-memoria\/wp-json\/wp\/v2\/types\/post"}],"author":[{"embeddable":true,"href":"https:\/\/www.imdhd.org\/dignificando-la-memoria\/wp-json\/wp\/v2\/users\/1"}],"replies":[{"embeddable":true,"href":"https:\/\/www.imdhd.org\/dignificando-la-memoria\/wp-json\/wp\/v2\/comments?post=969"}],"version-history":[{"count":2,"href":"https:\/\/www.imdhd.org\/dignificando-la-memoria\/wp-json\/wp\/v2\/posts\/969\/revisions"}],"predecessor-version":[{"id":973,"href":"https:\/\/www.imdhd.org\/dignificando-la-memoria\/wp-json\/wp\/v2\/posts\/969\/revisions\/973"}],"wp:featuredmedia":[{"embeddable":true,"href":"https:\/\/www.imdhd.org\/dignificando-la-memoria\/wp-json\/wp\/v2\/media\/90"}],"wp:attachment":[{"href":"https:\/\/www.imdhd.org\/dignificando-la-memoria\/wp-json\/wp\/v2\/media?parent=969"}],"wp:term":[{"taxonomy":"category","embeddable":true,"href":"https:\/\/www.imdhd.org\/dignificando-la-memoria\/wp-json\/wp\/v2\/categories?post=969"},{"taxonomy":"post_tag","embeddable":true,"href":"https:\/\/www.imdhd.org\/dignificando-la-memoria\/wp-json\/wp\/v2\/tags?post=969"}],"curies":[{"name":"wp","href":"https:\/\/api.w.org\/{rel}","templated":true}]}}